{"id":200879,"date":"2025-06-30T05:15:30","date_gmt":"2025-06-30T09:15:30","guid":{"rendered":"https:\/\/mspontocom.com.br\/site\/?p=200879"},"modified":"2025-06-30T05:15:30","modified_gmt":"2025-06-30T09:15:30","slug":"av-paulista-29-de-junho-make-brasil-great-again","status":"publish","type":"post","link":"http:\/\/mspontocom.com.br\/site\/av-paulista-29-de-junho-make-brasil-great-again\/","title":{"rendered":"Av. Paulista, 29 de Junho:  \u2018Make Brasil great again\u2019"},"content":{"rendered":"<p style=\"text-align: justify;\"><img loading=\"lazy\" class=\"alignnone size-full wp-image-200890\" src=\"http:\/\/mspontocom.com.br\/site\/wp-content\/uploads\/2025\/06\/site-av-paul-make-brasil-great-again-bolsonaro-amarelo.webp\" alt=\"\" width=\"800\" height=\"450\" srcset=\"http:\/\/mspontocom.com.br\/site\/wp-content\/uploads\/2025\/06\/site-av-paul-make-brasil-great-again-bolsonaro-amarelo.webp 800w, http:\/\/mspontocom.com.br\/site\/wp-content\/uploads\/2025\/06\/site-av-paul-make-brasil-great-again-bolsonaro-amarelo-260x146.webp 260w, http:\/\/mspontocom.com.br\/site\/wp-content\/uploads\/2025\/06\/site-av-paul-make-brasil-great-again-bolsonaro-amarelo-768x432.webp 768w\" sizes=\"(max-width: 800px) 100vw, 800px\" \/>No ato na Avenida Paulista deste domingo, 29, o ex-presidente <strong>Jair Bolsonaro\u00a0<\/strong>parafraseou o slogan de <strong>Donald Trump<\/strong> e bradou \u201c<em>Make Brasil great again<\/em>\u201d.<\/p>\n<p style=\"text-align: justify;\">O termo faz uma alus\u00e3o ao movimento \u201c<em>Make America great again<\/em>\u201d (Maga), que al\u00e7ou Trump ao segundo mandato na Presid\u00eancia dos Estados Unidos em janeiro deste ano.<\/p>\n<p style=\"text-align: justify;\">A fala ocorreu durante discurso do deputado federal Gustavo Gayer\u00a0(PL-GO) que, em determinado momento, se dirigiu a supostos \u201colhos atentos\u201d de fora do Brasil, que estariam acompanhando a manifesta\u00e7\u00e3o.<\/p>\n<p style=\"text-align: justify;\">Em seguida, o deputado discursou em ingl\u00eas, dizendo que o Pa\u00eds estaria vivendo sob uma ditadura do judici\u00e1rio.<\/p>\n<p style=\"text-align: justify;\">Ap\u00f3s terminar, Bolsonaro pegou o microfone de suas m\u00e3os novamente e concluiu: <strong>\u201c<em>Make Brasil great again<\/em>\u201d.<\/strong><\/p>\n<p style=\"text-align: justify;\">Bandeiras do Brasil se uniram \u00e0s dos Estados Unidos e de Israel na manifesta\u00e7\u00e3o. Em uma das faixas pr\u00f3ximas ao carro de som, lia-se \u201cBolsotrump\u201d e \u201cTrumponaro\u201d.<\/p>\n<p style=\"text-align: justify;\" align=\"justify\"><span style=\"font-family: Times New Roman, serif;\"><span style=\"font-size: medium;\"><span style=\"color: #ed4c05;\"><i><b>Continue em nossa companhia . Veja mais not\u00edcias em<\/b><\/i><\/span><b>:<\/b> <span style=\"color: #0000ff;\"><u><a href=\"http:\/\/www.mspontocom.com.br\/\">www.mspontocom.com.br<\/a><\/u><\/span><\/span><\/span><\/p>\n<p style=\"text-align: justify;\" align=\"justify\"><span style=\"font-family: Times New Roman, serif;\"><span style=\"font-size: medium;\">X:\u00a0 @mspontocom<\/span><\/span><\/p>\n","protected":false},"excerpt":{"rendered":"<p>No ato na Avenida Paulista deste domingo, 29, o ex-presidente Jair Bolsonaro\u00a0parafraseou o slogan de Donald Trump e bradou \u201cMake Brasil great again\u201d. O termo faz uma alus\u00e3o ao movimento \u201cMake America great again\u201d (Maga), que al\u00e7ou Trump ao segundo mandato na Presid\u00eancia dos Estados Unidos em janeiro deste ano. A fala ocorreu durante discurso [&hellip;]<\/p>\n","protected":false},"author":2,"featured_media":200890,"comment_status":"open","ping_status":"open","sticky":false,"template":"","format":"standard","meta":{"_monsterinsights_skip_tracking":false,"_monsterinsights_sitenote_active":false,"_monsterinsights_sitenote_note":"","_monsterinsights_sitenote_category":0},"categories":[6,30260,30259,12],"tags":[43175,43174,26271],"aioseo_notices":[],"_links":{"self":[{"href":"http:\/\/mspontocom.com.br\/site\/wp-json\/wp\/v2\/posts\/200879"}],"collection":[{"href":"http:\/\/mspontocom.com.br\/site\/wp-json\/wp\/v2\/posts"}],"about":[{"href":"http:\/\/mspontocom.com.br\/site\/wp-json\/wp\/v2\/types\/post"}],"author":[{"embeddable":true,"href":"http:\/\/mspontocom.com.br\/site\/wp-json\/wp\/v2\/users\/2"}],"replies":[{"embeddable":true,"href":"http:\/\/mspontocom.com.br\/site\/wp-json\/wp\/v2\/comments?post=200879"}],"version-history":[{"count":2,"href":"http:\/\/mspontocom.com.br\/site\/wp-json\/wp\/v2\/posts\/200879\/revisions"}],"predecessor-version":[{"id":200891,"href":"http:\/\/mspontocom.com.br\/site\/wp-json\/wp\/v2\/posts\/200879\/revisions\/200891"}],"wp:featuredmedia":[{"embeddable":true,"href":"http:\/\/mspontocom.com.br\/site\/wp-json\/wp\/v2\/media\/200890"}],"wp:attachment":[{"href":"http:\/\/mspontocom.com.br\/site\/wp-json\/wp\/v2\/media?parent=200879"}],"wp:term":[{"taxonomy":"category","embeddable":true,"href":"http:\/\/mspontocom.com.br\/site\/wp-json\/wp\/v2\/categories?post=200879"},{"taxonomy":"post_tag","embeddable":true,"href":"http:\/\/mspontocom.com.br\/site\/wp-json\/wp\/v2\/tags?post=200879"}],"curies":[{"name":"wp","href":"https:\/\/api.w.org\/{rel}","templated":true}]}}