{"id":200881,"date":"2025-06-30T05:34:57","date_gmt":"2025-06-30T09:34:57","guid":{"rendered":"https:\/\/mspontocom.com.br\/site\/?p=200881"},"modified":"2025-06-30T05:34:57","modified_gmt":"2025-06-30T09:34:57","slug":"tarcisio-de-freitas-o-brasil-nao-aguenta-mais-o-pt","status":"publish","type":"post","link":"http:\/\/mspontocom.com.br\/site\/tarcisio-de-freitas-o-brasil-nao-aguenta-mais-o-pt\/","title":{"rendered":"Tarc\u00edsio de Freitas: O Brasil \u2018n\u00e3o aguenta mais o PT\u2019"},"content":{"rendered":"<p style=\"text-align: justify;\"><img loading=\"lazy\" class=\"alignnone size-full wp-image-200894\" src=\"http:\/\/mspontocom.com.br\/site\/wp-content\/uploads\/2025\/06\/site-tarcisio-de-freitas-o-brasil-nao-aguenta-mais-o-pt-tarcisio2.jpeg\" alt=\"\" width=\"1024\" height=\"575\" srcset=\"http:\/\/mspontocom.com.br\/site\/wp-content\/uploads\/2025\/06\/site-tarcisio-de-freitas-o-brasil-nao-aguenta-mais-o-pt-tarcisio2.jpeg 1024w, http:\/\/mspontocom.com.br\/site\/wp-content\/uploads\/2025\/06\/site-tarcisio-de-freitas-o-brasil-nao-aguenta-mais-o-pt-tarcisio2-260x146.jpeg 260w, http:\/\/mspontocom.com.br\/site\/wp-content\/uploads\/2025\/06\/site-tarcisio-de-freitas-o-brasil-nao-aguenta-mais-o-pt-tarcisio2-768x431.jpeg 768w\" sizes=\"(max-width: 1024px) 100vw, 1024px\" \/>Durante discurso na manifesta\u00e7\u00e3o deste domingo (29) na Avenida Paulista (SP), o governador de S\u00e3o Paulo, <strong>Tarc\u00edsio de Freitas\u00a0<\/strong> subiu o tom fez duras cr\u00edticas ao governo do presidente <strong>Lula.\u00a0<\/strong><\/p>\n<blockquote><p><span style=\"font-size: 14pt;\"><em>\u201cO Brasil n\u00e3o aguenta mais a desfa\u00e7atez, o gasto desenfreado. O Brasil\u00a0 n\u00e3o aguenta mais a corrup\u00e7\u00e3o, n\u00e3o aguenta mais um governo gastador, os juros altos. Quem paga essa conta s\u00e3o voc\u00eas.\u00a0\u201c, afirmou o governador.<\/em><\/span><\/p><\/blockquote>\n<p style=\"text-align: justify;\">Tarc\u00edsio tamb\u00e9m criticou a pol\u00edtica econ\u00f4mica do governo federal, que recorre ao aumento de impostos sem promover corte de gastos.<\/p>\n<p style=\"text-align: justify;\"><strong><em>\u201cO Brasil n\u00e3o aguenta mais aumento de impostos, n\u00e3o aguenta mais o PT\u201d<\/em>, disse.<\/strong><\/p>\n<p style=\"text-align: justify;\" align=\"justify\"><span style=\"font-family: Times New Roman, serif;\"><span style=\"font-size: medium;\"><span style=\"color: #ed4c05;\"><i><b>Continue em nossa companhia . Veja mais not\u00edcias em<\/b><\/i><\/span><b>:<\/b> <span style=\"color: #0000ff;\"><u><a href=\"http:\/\/www.mspontocom.com.br\/\">www.mspontocom.com.br<\/a><\/u><\/span><\/span><\/span><\/p>\n<p style=\"text-align: justify;\" align=\"justify\"><span style=\"font-family: Times New Roman, serif;\"><span style=\"font-size: medium;\">X:\u00a0 @mspontocom<\/span><\/span><\/p>\n","protected":false},"excerpt":{"rendered":"<p>Durante discurso na manifesta\u00e7\u00e3o deste domingo (29) na Avenida Paulista (SP), o governador de S\u00e3o Paulo, Tarc\u00edsio de Freitas\u00a0 subiu o tom fez duras cr\u00edticas ao governo do presidente Lula.\u00a0 \u201cO Brasil n\u00e3o aguenta mais a desfa\u00e7atez, o gasto desenfreado. O Brasil\u00a0 n\u00e3o aguenta mais a corrup\u00e7\u00e3o, n\u00e3o aguenta mais um governo gastador, os juros [&hellip;]<\/p>\n","protected":false},"author":2,"featured_media":200894,"comment_status":"open","ping_status":"open","sticky":false,"template":"","format":"standard","meta":{"_monsterinsights_skip_tracking":false,"_monsterinsights_sitenote_active":false,"_monsterinsights_sitenote_note":"","_monsterinsights_sitenote_category":0},"categories":[6,30260,30259,12],"tags":[43178,38616],"aioseo_notices":[],"_links":{"self":[{"href":"http:\/\/mspontocom.com.br\/site\/wp-json\/wp\/v2\/posts\/200881"}],"collection":[{"href":"http:\/\/mspontocom.com.br\/site\/wp-json\/wp\/v2\/posts"}],"about":[{"href":"http:\/\/mspontocom.com.br\/site\/wp-json\/wp\/v2\/types\/post"}],"author":[{"embeddable":true,"href":"http:\/\/mspontocom.com.br\/site\/wp-json\/wp\/v2\/users\/2"}],"replies":[{"embeddable":true,"href":"http:\/\/mspontocom.com.br\/site\/wp-json\/wp\/v2\/comments?post=200881"}],"version-history":[{"count":2,"href":"http:\/\/mspontocom.com.br\/site\/wp-json\/wp\/v2\/posts\/200881\/revisions"}],"predecessor-version":[{"id":200895,"href":"http:\/\/mspontocom.com.br\/site\/wp-json\/wp\/v2\/posts\/200881\/revisions\/200895"}],"wp:featuredmedia":[{"embeddable":true,"href":"http:\/\/mspontocom.com.br\/site\/wp-json\/wp\/v2\/media\/200894"}],"wp:attachment":[{"href":"http:\/\/mspontocom.com.br\/site\/wp-json\/wp\/v2\/media?parent=200881"}],"wp:term":[{"taxonomy":"category","embeddable":true,"href":"http:\/\/mspontocom.com.br\/site\/wp-json\/wp\/v2\/categories?post=200881"},{"taxonomy":"post_tag","embeddable":true,"href":"http:\/\/mspontocom.com.br\/site\/wp-json\/wp\/v2\/tags?post=200881"}],"curies":[{"name":"wp","href":"https:\/\/api.w.org\/{rel}","templated":true}]}}