{"id":200923,"date":"2025-07-01T06:20:39","date_gmt":"2025-07-01T10:20:39","guid":{"rendered":"https:\/\/mspontocom.com.br\/site\/?p=200923"},"modified":"2025-07-01T06:20:39","modified_gmt":"2025-07-01T10:20:39","slug":"direita-repetira-ato-na-av-paulista-em-7-de-setembro","status":"publish","type":"post","link":"http:\/\/mspontocom.com.br\/site\/direita-repetira-ato-na-av-paulista-em-7-de-setembro\/","title":{"rendered":"Direita repetir\u00e1 ato na Av. Paulista em 7 de Setembro"},"content":{"rendered":"<p style=\"text-align: justify;\"><img loading=\"lazy\" class=\"alignnone size-full wp-image-200938\" src=\"http:\/\/mspontocom.com.br\/site\/wp-content\/uploads\/2025\/07\/site-direita-repetira-ato-na-av-paulista-em-7-de-setembro-sete.jpg\" alt=\"\" width=\"768\" height=\"512\" srcset=\"http:\/\/mspontocom.com.br\/site\/wp-content\/uploads\/2025\/07\/site-direita-repetira-ato-na-av-paulista-em-7-de-setembro-sete.jpg 768w, http:\/\/mspontocom.com.br\/site\/wp-content\/uploads\/2025\/07\/site-direita-repetira-ato-na-av-paulista-em-7-de-setembro-sete-260x173.jpg 260w\" sizes=\"(max-width: 768px) 100vw, 768px\" \/>O l\u00edder do PL na C\u00e2mara, deputado S\u00f3stenes Cavalcante \u00a0afirmou que o partido j\u00e1 prepara uma nova <strong>manifesta\u00e7\u00e3o na Avenida Paulista<\/strong> com o ex-presidente Jair Bolsonaro\u00a0 marcada para o dia <strong>7 de setembro.<\/strong><\/p>\n<p style=\"text-align: justify;\">A declara\u00e7\u00e3o foi dada nesta segunda-feira, 30, em entrevista ao programa <em>Roda Viva<\/em>, da TV Cultura.<\/p>\n<p style=\"text-align: justify;\">S\u00f3stenes minimizou rumores de que lideran\u00e7as do Centr\u00e3o estariam pressionando Bolsonaro a desistir de uma nova candidatura.<\/p>\n<p style=\"text-align: justify;\">Para o deputado, o ex-presidente mant\u00e9m lideran\u00e7a incontest\u00e1vel dentro da direita.<\/p>\n<blockquote>\n<p class=\"styles__ParagraphStyled-sc-6adecn-0 kKiXme \" data-component-name=\"paragraph\"><span style=\"font-size: 14pt;\"><em>\u201cEle se tornou o maior l\u00edder pol\u00edtico e carism\u00e1tico do Brasil com sua personalidade forte. Ningu\u00e9m vai for\u00e7\u00e1-lo a tomar uma decis\u00e3o\u201d, afirmou.<\/em><\/span><\/p>\n<\/blockquote>\n<p class=\"styles__ParagraphStyled-sc-6adecn-0 kKiXme \" style=\"text-align: justify;\" data-component-name=\"paragraph\">\u201cTemos convic\u00e7\u00e3o: o nosso plano A \u00e9 Jair Bolsonaro&#8221;, afirmou<\/p>\n<p class=\"styles__ParagraphStyled-sc-6adecn-0 kKiXme \" style=\"text-align: justify;\" data-component-name=\"paragraph\">N\u00e3o temos alternativa a ele. As penas impostas, que hoje o impedem de ser candidato, s\u00e3o, na nossa avalia\u00e7\u00e3o, injustas.\u201d, finalizou S\u00f3stenes.<\/p>\n<p style=\"text-align: justify;\" align=\"justify\"><span style=\"font-family: Times New Roman, serif;\"><span style=\"font-size: medium;\"><span style=\"color: #ed4c05;\"><i><b>Continue em nossa companhia . Veja mais not\u00edcias em<\/b><\/i><\/span><b>:<\/b> <span style=\"color: #0000ff;\"><u><a href=\"http:\/\/www.mspontocom.com.br\/\">www.mspontocom.com.br<\/a><\/u><\/span><\/span><\/span><\/p>\n","protected":false},"excerpt":{"rendered":"<p>O l\u00edder do PL na C\u00e2mara, deputado S\u00f3stenes Cavalcante \u00a0afirmou que o partido j\u00e1 prepara uma nova manifesta\u00e7\u00e3o na Avenida Paulista com o ex-presidente Jair Bolsonaro\u00a0 marcada para o dia 7 de setembro. A declara\u00e7\u00e3o foi dada nesta segunda-feira, 30, em entrevista ao programa Roda Viva, da TV Cultura. S\u00f3stenes minimizou rumores de que lideran\u00e7as [&hellip;]<\/p>\n","protected":false},"author":2,"featured_media":200938,"comment_status":"open","ping_status":"open","sticky":false,"template":"","format":"standard","meta":{"_monsterinsights_skip_tracking":false,"_monsterinsights_sitenote_active":false,"_monsterinsights_sitenote_note":"","_monsterinsights_sitenote_category":0},"categories":[6,30260,30259,12],"tags":[6881,24864,26271,32323],"aioseo_notices":[],"_links":{"self":[{"href":"http:\/\/mspontocom.com.br\/site\/wp-json\/wp\/v2\/posts\/200923"}],"collection":[{"href":"http:\/\/mspontocom.com.br\/site\/wp-json\/wp\/v2\/posts"}],"about":[{"href":"http:\/\/mspontocom.com.br\/site\/wp-json\/wp\/v2\/types\/post"}],"author":[{"embeddable":true,"href":"http:\/\/mspontocom.com.br\/site\/wp-json\/wp\/v2\/users\/2"}],"replies":[{"embeddable":true,"href":"http:\/\/mspontocom.com.br\/site\/wp-json\/wp\/v2\/comments?post=200923"}],"version-history":[{"count":2,"href":"http:\/\/mspontocom.com.br\/site\/wp-json\/wp\/v2\/posts\/200923\/revisions"}],"predecessor-version":[{"id":200939,"href":"http:\/\/mspontocom.com.br\/site\/wp-json\/wp\/v2\/posts\/200923\/revisions\/200939"}],"wp:featuredmedia":[{"embeddable":true,"href":"http:\/\/mspontocom.com.br\/site\/wp-json\/wp\/v2\/media\/200938"}],"wp:attachment":[{"href":"http:\/\/mspontocom.com.br\/site\/wp-json\/wp\/v2\/media?parent=200923"}],"wp:term":[{"taxonomy":"category","embeddable":true,"href":"http:\/\/mspontocom.com.br\/site\/wp-json\/wp\/v2\/categories?post=200923"},{"taxonomy":"post_tag","embeddable":true,"href":"http:\/\/mspontocom.com.br\/site\/wp-json\/wp\/v2\/tags?post=200923"}],"curies":[{"name":"wp","href":"https:\/\/api.w.org\/{rel}","templated":true}]}}