{"id":200927,"date":"2025-07-01T06:29:38","date_gmt":"2025-07-01T10:29:38","guid":{"rendered":"https:\/\/mspontocom.com.br\/site\/?p=200927"},"modified":"2025-07-01T06:29:38","modified_gmt":"2025-07-01T10:29:38","slug":"dinamite-camara-cogita-colocar-nikolas-ferreira-no-comando-da-cpi-do-inss","status":"publish","type":"post","link":"http:\/\/mspontocom.com.br\/site\/dinamite-camara-cogita-colocar-nikolas-ferreira-no-comando-da-cpi-do-inss\/","title":{"rendered":"Dinamite: C\u00e2mara cogita colocar Nikolas Ferreira no comando da CPI do INSS"},"content":{"rendered":"<p style=\"text-align: justify;\"><img loading=\"lazy\" class=\"alignnone size-full wp-image-200940\" src=\"http:\/\/mspontocom.com.br\/site\/wp-content\/uploads\/2025\/07\/site-dinamite-camara-cogita-colocar-nikolas-ferreira-no-comando-da-cpi-do-inss-a-nikolas.webp\" alt=\"\" width=\"888\" height=\"530\" srcset=\"http:\/\/mspontocom.com.br\/site\/wp-content\/uploads\/2025\/07\/site-dinamite-camara-cogita-colocar-nikolas-ferreira-no-comando-da-cpi-do-inss-a-nikolas.webp 888w, http:\/\/mspontocom.com.br\/site\/wp-content\/uploads\/2025\/07\/site-dinamite-camara-cogita-colocar-nikolas-ferreira-no-comando-da-cpi-do-inss-a-nikolas-260x155.webp 260w, http:\/\/mspontocom.com.br\/site\/wp-content\/uploads\/2025\/07\/site-dinamite-camara-cogita-colocar-nikolas-ferreira-no-comando-da-cpi-do-inss-a-nikolas-768x458.webp 768w\" sizes=\"(max-width: 888px) 100vw, 888px\" \/>O presidente da C\u00e2mara, Hugo Motta cogita colocar um nome mais pr\u00f3ximo \u00e0 ala de deputados ligada ao ex-presidente <strong>Jair Bolsonaro<\/strong> , como <strong>Nikolas Ferreira<\/strong> , na relatoria da CPMI sobre os desvios no INSS.<\/p>\n<p style=\"text-align: justify;\">A movimenta\u00e7\u00e3o se d\u00e1 depois de atritos entre a c\u00fapula do Congresso e o governo Lula.<\/p>\n<p style=\"text-align: justify;\">Nesta 2\u00aa feira Motta rebateu cr\u00edticas sobre a derrubada do decreto do aumento do IOF.<\/p>\n<p style=\"text-align: justify;\">Um dia antes, o PT publicou um v\u00eddeo que intensifica o discurso de enfrentamento entre pobres e ricos.<\/p>\n<p style=\"text-align: justify;\">O presidente da C\u00e2mara antes queria um nome do Centr\u00e3o na relatoria da comiss\u00e3o.<\/p>\n<p style=\"text-align: justify;\">Agora, ele est\u00e1 disposto a colocar um nome<strong> hiper bolsonarista.<\/strong><\/p>\n<p style=\"text-align: justify;\">Nikolas Ferreira tem um perfil combativo e alto engajamento nas redes sociais.<\/p>\n<p style=\"text-align: justify;\">O congressista protagonizou um v\u00eddeo sobre as regras de fiscaliza\u00e7\u00e3o que o ministro Fernando Haddad (Fazenda) tentou emplacar.<\/p>\n<p style=\"text-align: justify;\"><strong>Atingiu 300 milh\u00f5es de visualiza\u00e7\u00f5es e deixou saldo negativo para Lula.<\/strong><\/p>\n<p style=\"text-align: justify;\">\u00c0 frente do parecer final da CPI mista, o deputado mineiro poder\u00e1 acentuar a crise de aprova\u00e7\u00e3o para o governo.<\/p>\n<p style=\"text-align: justify;\" align=\"justify\"><span style=\"font-family: Times New Roman, serif;\"><span style=\"font-size: medium;\"><span style=\"color: #ed4c05;\"><i><b>Continue em nossa companhia . Veja mais not\u00edcias em<\/b><\/i><\/span><b>:<\/b> <span style=\"color: #0000ff;\"><u><a href=\"http:\/\/www.mspontocom.com.br\/\">www.mspontocom.com.br<\/a><\/u><\/span><\/span><\/span><\/p>\n","protected":false},"excerpt":{"rendered":"<p>O presidente da C\u00e2mara, Hugo Motta cogita colocar um nome mais pr\u00f3ximo \u00e0 ala de deputados ligada ao ex-presidente Jair Bolsonaro , como Nikolas Ferreira , na relatoria da CPMI sobre os desvios no INSS. A movimenta\u00e7\u00e3o se d\u00e1 depois de atritos entre a c\u00fapula do Congresso e o governo Lula. Nesta 2\u00aa feira Motta [&hellip;]<\/p>\n","protected":false},"author":2,"featured_media":200940,"comment_status":"open","ping_status":"open","sticky":false,"template":"","format":"standard","meta":{"_monsterinsights_skip_tracking":false,"_monsterinsights_sitenote_active":false,"_monsterinsights_sitenote_note":"","_monsterinsights_sitenote_category":0},"categories":[6,30260,30259,12],"tags":[3645,43187,39290,43186],"aioseo_notices":[],"_links":{"self":[{"href":"http:\/\/mspontocom.com.br\/site\/wp-json\/wp\/v2\/posts\/200927"}],"collection":[{"href":"http:\/\/mspontocom.com.br\/site\/wp-json\/wp\/v2\/posts"}],"about":[{"href":"http:\/\/mspontocom.com.br\/site\/wp-json\/wp\/v2\/types\/post"}],"author":[{"embeddable":true,"href":"http:\/\/mspontocom.com.br\/site\/wp-json\/wp\/v2\/users\/2"}],"replies":[{"embeddable":true,"href":"http:\/\/mspontocom.com.br\/site\/wp-json\/wp\/v2\/comments?post=200927"}],"version-history":[{"count":2,"href":"http:\/\/mspontocom.com.br\/site\/wp-json\/wp\/v2\/posts\/200927\/revisions"}],"predecessor-version":[{"id":200941,"href":"http:\/\/mspontocom.com.br\/site\/wp-json\/wp\/v2\/posts\/200927\/revisions\/200941"}],"wp:featuredmedia":[{"embeddable":true,"href":"http:\/\/mspontocom.com.br\/site\/wp-json\/wp\/v2\/media\/200940"}],"wp:attachment":[{"href":"http:\/\/mspontocom.com.br\/site\/wp-json\/wp\/v2\/media?parent=200927"}],"wp:term":[{"taxonomy":"category","embeddable":true,"href":"http:\/\/mspontocom.com.br\/site\/wp-json\/wp\/v2\/categories?post=200927"},{"taxonomy":"post_tag","embeddable":true,"href":"http:\/\/mspontocom.com.br\/site\/wp-json\/wp\/v2\/tags?post=200927"}],"curies":[{"name":"wp","href":"https:\/\/api.w.org\/{rel}","templated":true}]}}