{"id":200929,"date":"2025-07-01T06:01:46","date_gmt":"2025-07-01T10:01:46","guid":{"rendered":"https:\/\/mspontocom.com.br\/site\/?p=200929"},"modified":"2025-07-01T06:01:46","modified_gmt":"2025-07-01T10:01:46","slug":"stf-incentiva-tumulto-e-a-censura-diz-folha-de-s-paulo","status":"publish","type":"post","link":"http:\/\/mspontocom.com.br\/site\/stf-incentiva-tumulto-e-a-censura-diz-folha-de-s-paulo\/","title":{"rendered":"STF incentiva tumulto e a censura diz Folha de S.Paulo"},"content":{"rendered":"<p style=\"text-align: justify;\"><img loading=\"lazy\" class=\"alignnone size-full wp-image-200934\" src=\"http:\/\/mspontocom.com.br\/site\/wp-content\/uploads\/2025\/07\/site-stf-incentiva-tumulto-e-a-censura-e-fragilizacao-da-liberdade-de-expressao-diz-folha-de-s-paulo-stf2-e1751363907727.jpg\" alt=\"\" width=\"1488\" height=\"974\" srcset=\"http:\/\/mspontocom.com.br\/site\/wp-content\/uploads\/2025\/07\/site-stf-incentiva-tumulto-e-a-censura-e-fragilizacao-da-liberdade-de-expressao-diz-folha-de-s-paulo-stf2-e1751363907727.jpg 1488w, http:\/\/mspontocom.com.br\/site\/wp-content\/uploads\/2025\/07\/site-stf-incentiva-tumulto-e-a-censura-e-fragilizacao-da-liberdade-de-expressao-diz-folha-de-s-paulo-stf2-e1751363907727-260x170.jpg 260w, http:\/\/mspontocom.com.br\/site\/wp-content\/uploads\/2025\/07\/site-stf-incentiva-tumulto-e-a-censura-e-fragilizacao-da-liberdade-de-expressao-diz-folha-de-s-paulo-stf2-e1751363907727-1024x670.jpg 1024w, http:\/\/mspontocom.com.br\/site\/wp-content\/uploads\/2025\/07\/site-stf-incentiva-tumulto-e-a-censura-e-fragilizacao-da-liberdade-de-expressao-diz-folha-de-s-paulo-stf2-e1751363907727-768x503.jpg 768w\" sizes=\"(max-width: 1488px) 100vw, 1488px\" \/>O STF formou maioria de 8 a 3 para declarar parcialmente inconstitucional o artigo 19 do Marco Civil da Internet, aprovado em 2014.<\/p>\n<p style=\"text-align: justify;\">A decis\u00e3o revoga um dos pilares da legisla\u00e7\u00e3o que regulava a atua\u00e7\u00e3o das redes sociais no Brasil e, segundo <strong>editorial do jornal Folha de S.Paulo<\/strong>, representa o segundo equ\u00edvoco da Corte em menos de um m\u00eas.<\/p>\n<blockquote><p><span style=\"font-size: 14pt;\"><em> \u201cO STF arbitrou de modo casu\u00edstico um novo regramento sobre o tema, atropelando a compet\u00eancia dos legisladores eleitos\u201d, avaliou o jornal.<\/em><\/span><\/p><\/blockquote>\n<p style=\"text-align: justify;\">A cr\u00edtica da Folha tamb\u00e9m aponta que, ao impor que determinados conte\u00fados sejam removidos pelas plataformas sem necessidade de ordem judicial.<\/p>\n<p style=\"text-align: justify;\">O STF introduz brechas de interpreta\u00e7\u00e3o que podem gerar abusos.<\/p>\n<blockquote><p><span style=\"font-size: 14pt;\"><em>\u201cEnquanto alguns desses conte\u00fados podem ser claramente identificados, como no caso da pornografia infantil, outros, como \u2018atentado \u00e0 democracia\u2019, abrem margem a interpreta\u00e7\u00f5es el\u00e1sticas\u201d, diz o editorial. \u201cIsso pode fomentar a censura disfar\u00e7ada de regula\u00e7\u00e3o, atingindo cr\u00edticas e embates pol\u00edticos leg\u00edtimos.\u201d<\/em><\/span><\/p><\/blockquote>\n<h2 class=\"wp-block-heading\" style=\"text-align: justify;\">Inseguran\u00e7a jur\u00eddica no Brasil<\/h2>\n<p style=\"text-align: justify;\">Para o jornal, a decis\u00e3o tende a gerar inseguran\u00e7a jur\u00eddica e ampliar o n\u00famero de disputas judiciais sobre o tema.<\/p>\n<div class=\"spaa-container ga-manager d-none lg:d-flex ls-90 my-6 \">\n<div id=\"in-text-3-desktop\" class=\"spaa-item\" data-google-query-id=\"CNqW5_Oqm44DFRtK3QIdlxQ6GQ\">\n<p style=\"text-align: justify;\">Na avalia\u00e7\u00e3o da Folha, ao intervir de maneira t\u00e3o incisiva, o STF acabou \u201cfragilizando o direito fundamental \u00e0 livre express\u00e3o\u201d e assumindo o protagonismo legislativo em uma pauta que deveria continuar sendo tratado pelo Congresso Nacional.<\/p>\n<p style=\"text-align: justify;\" align=\"justify\"><span style=\"font-family: Times New Roman, serif;\"><span style=\"font-size: medium;\"><span style=\"color: #ed4c05;\"><i><b>Continue em nossa companhia . Veja mais not\u00edcias em<\/b><\/i><\/span><b>:<\/b> <span style=\"color: #0000ff;\"><u><a href=\"http:\/\/www.mspontocom.com.br\/\">www.mspontocom.com.br<\/a><\/u><\/span><\/span><\/span><\/p>\n<\/div>\n<\/div>\n","protected":false},"excerpt":{"rendered":"<p>O STF formou maioria de 8 a 3 para declarar parcialmente inconstitucional o artigo 19 do Marco Civil da Internet, aprovado em 2014. A decis\u00e3o revoga um dos pilares da legisla\u00e7\u00e3o que regulava a atua\u00e7\u00e3o das redes sociais no Brasil e, segundo editorial do jornal Folha de S.Paulo, representa o segundo equ\u00edvoco da Corte em [&hellip;]<\/p>\n","protected":false},"author":2,"featured_media":200934,"comment_status":"open","ping_status":"open","sticky":false,"template":"","format":"standard","meta":{"_monsterinsights_skip_tracking":false,"_monsterinsights_sitenote_active":false,"_monsterinsights_sitenote_note":"","_monsterinsights_sitenote_category":0},"categories":[6,30260,30259,12],"tags":[7907,13085,43182,3014,21978],"aioseo_notices":[],"_links":{"self":[{"href":"http:\/\/mspontocom.com.br\/site\/wp-json\/wp\/v2\/posts\/200929"}],"collection":[{"href":"http:\/\/mspontocom.com.br\/site\/wp-json\/wp\/v2\/posts"}],"about":[{"href":"http:\/\/mspontocom.com.br\/site\/wp-json\/wp\/v2\/types\/post"}],"author":[{"embeddable":true,"href":"http:\/\/mspontocom.com.br\/site\/wp-json\/wp\/v2\/users\/2"}],"replies":[{"embeddable":true,"href":"http:\/\/mspontocom.com.br\/site\/wp-json\/wp\/v2\/comments?post=200929"}],"version-history":[{"count":2,"href":"http:\/\/mspontocom.com.br\/site\/wp-json\/wp\/v2\/posts\/200929\/revisions"}],"predecessor-version":[{"id":200935,"href":"http:\/\/mspontocom.com.br\/site\/wp-json\/wp\/v2\/posts\/200929\/revisions\/200935"}],"wp:featuredmedia":[{"embeddable":true,"href":"http:\/\/mspontocom.com.br\/site\/wp-json\/wp\/v2\/media\/200934"}],"wp:attachment":[{"href":"http:\/\/mspontocom.com.br\/site\/wp-json\/wp\/v2\/media?parent=200929"}],"wp:term":[{"taxonomy":"category","embeddable":true,"href":"http:\/\/mspontocom.com.br\/site\/wp-json\/wp\/v2\/categories?post=200929"},{"taxonomy":"post_tag","embeddable":true,"href":"http:\/\/mspontocom.com.br\/site\/wp-json\/wp\/v2\/tags?post=200929"}],"curies":[{"name":"wp","href":"https:\/\/api.w.org\/{rel}","templated":true}]}}