{"id":200956,"date":"2025-07-02T05:56:25","date_gmt":"2025-07-02T09:56:25","guid":{"rendered":"https:\/\/mspontocom.com.br\/site\/?p=200956"},"modified":"2025-07-02T05:56:25","modified_gmt":"2025-07-02T09:56:25","slug":"iof-lula-reforca-dependencia-do-stf-para-governar","status":"publish","type":"post","link":"http:\/\/mspontocom.com.br\/site\/iof-lula-reforca-dependencia-do-stf-para-governar\/","title":{"rendered":"IOF: Lula refor\u00e7a depend\u00eancia do STF para governar"},"content":{"rendered":"<p class=\"postParagraph_post-paragraph__juWZN\" style=\"text-align: justify;\"><img loading=\"lazy\" class=\"alignnone size-full wp-image-200965\" src=\"http:\/\/mspontocom.com.br\/site\/wp-content\/uploads\/2025\/07\/site-iof-lula-reforca-dependencia-do-stf-para-governar-alulamoraes.webp\" alt=\"\" width=\"900\" height=\"506\" srcset=\"http:\/\/mspontocom.com.br\/site\/wp-content\/uploads\/2025\/07\/site-iof-lula-reforca-dependencia-do-stf-para-governar-alulamoraes.webp 900w, http:\/\/mspontocom.com.br\/site\/wp-content\/uploads\/2025\/07\/site-iof-lula-reforca-dependencia-do-stf-para-governar-alulamoraes-260x146.webp 260w, http:\/\/mspontocom.com.br\/site\/wp-content\/uploads\/2025\/07\/site-iof-lula-reforca-dependencia-do-stf-para-governar-alulamoraes-768x432.webp 768w\" sizes=\"(max-width: 900px) 100vw, 900px\" \/>A decis\u00e3o do governo do presidente <strong>Lula de recorrer ao STF<\/strong> para tentar validar o decreto presidencial sobre o aumento do IOF refor\u00e7a a depend\u00eancia que o Executivo tem do Judici\u00e1rio para governar.<\/p>\n<p class=\"postParagraph_post-paragraph__juWZN\" style=\"text-align: justify;\">A a\u00e7\u00e3o fez a rela\u00e7\u00e3o com o Congresso se deteriorar, com a <strong>oposi\u00e7\u00e3o declarando &#8220;guerra&#8221; ao governo<\/strong>, e o presidente da C\u00e2mara, Hugo Motta, evitando responder a tentativas de contato de l\u00edderes governistas.<\/p>\n<p class=\"postParagraph_post-paragraph-innerHtml__Q5vwc\" style=\"text-align: justify;\">O cientista pol\u00edtico Paulo Kramer, da Kramer Consultoria, enxerga na manobra da AGU mais uma evid\u00eancia da depend\u00eancia crescente do governo em rela\u00e7\u00e3o ao Judici\u00e1rio.<\/p>\n<blockquote>\n<p class=\"postParagraph_post-paragraph-innerHtml__Q5vwc\"><span style=\"font-size: 14pt;\"><em> \u201cNa medida em que a popularidade do governo se desidrata, sua depend\u00eancia em rela\u00e7\u00e3o ao STF s\u00f3 aumenta\u201d, afirma o analista.\u00a0<\/em><\/span><\/p>\n<\/blockquote>\n<p class=\"postParagraph_post-paragraph__juWZN\" style=\"text-align: justify;\">A oposi\u00e7\u00e3o classificou a a\u00e7\u00e3o como afronta inaceit\u00e1vel e agora trabalha para promover um isolamento ainda maior dos governistas no Congresso.<\/p>\n<blockquote>\n<p class=\"postParagraph_post-paragraph__juWZN\"><span style=\"font-size: 14pt;\"><em>&#8220;Trata-se de mais uma tentativa autorit\u00e1ria do governo Lula de judicializar um tema eminentemente pol\u00edtico, tentando impor pela for\u00e7a do Judici\u00e1rio aquilo que perdeu no voto\u00a0 dentro da Casa do Povo. Ao fazer isso, o governo declara guerra ao Congresso Nacional&#8221;, disse o deputado Luciano Zucco (PL-RS), l\u00edder da oposi\u00e7\u00e3o na C\u00e2mara.<\/em><\/span><\/p>\n<\/blockquote>\n<div class=\"adBanner_c-ads__vacy1 adBanner_ads-desktop__YVQsV adBanner_d-pos-post-1__MMoGJ adBanner_d-pos-post-1__MMoGJ adBanner_open__ViOaF\" data-ads=\"ads-desktop\">\n<div id=\"d-pos-post-1\" class=\"adBanner_ads-desktop__YVQsV\">\n<div id=\"google_ads_iframe_\/7601\/gazeta_do_povo\/republica\/conteudo_2__container__\">\n<p class=\"postParagraph_post-paragraph__juWZN\" style=\"text-align: justify;\">\n<div class=\"adBanner_c-ads__vacy1 adBanner_ads-desktop__YVQsV adBanner_d-pos-post-1__MMoGJ adBanner_d-pos-post-1__MMoGJ adBanner_open__ViOaF\" data-ads=\"ads-desktop\">\n<div id=\"d-pos-post-1\" class=\"adBanner_ads-desktop__YVQsV\">\n<div id=\"google_ads_iframe_\/7601\/gazeta_do_povo\/republica\/conteudo_2__container__\" style=\"text-align: justify;\"><\/div>\n<\/div>\n<\/div>\n<\/div>\n<\/div>\n<\/div>\n<p class=\"postParagraph_post-paragraph-innerHtml__Q5vwc\">\n","protected":false},"excerpt":{"rendered":"<p>A decis\u00e3o do governo do presidente Lula de recorrer ao STF para tentar validar o decreto presidencial sobre o aumento do IOF refor\u00e7a a depend\u00eancia que o Executivo tem do Judici\u00e1rio para governar. A a\u00e7\u00e3o fez a rela\u00e7\u00e3o com o Congresso se deteriorar, com a oposi\u00e7\u00e3o declarando &#8220;guerra&#8221; ao governo, e o presidente da C\u00e2mara, [&hellip;]<\/p>\n","protected":false},"author":2,"featured_media":200965,"comment_status":"open","ping_status":"open","sticky":false,"template":"","format":"standard","meta":{"_monsterinsights_skip_tracking":false,"_monsterinsights_sitenote_active":false,"_monsterinsights_sitenote_note":"","_monsterinsights_sitenote_category":0},"categories":[6,30260,2528,30259,12],"tags":[43193,37685,3574,480,3014],"aioseo_notices":[],"_links":{"self":[{"href":"http:\/\/mspontocom.com.br\/site\/wp-json\/wp\/v2\/posts\/200956"}],"collection":[{"href":"http:\/\/mspontocom.com.br\/site\/wp-json\/wp\/v2\/posts"}],"about":[{"href":"http:\/\/mspontocom.com.br\/site\/wp-json\/wp\/v2\/types\/post"}],"author":[{"embeddable":true,"href":"http:\/\/mspontocom.com.br\/site\/wp-json\/wp\/v2\/users\/2"}],"replies":[{"embeddable":true,"href":"http:\/\/mspontocom.com.br\/site\/wp-json\/wp\/v2\/comments?post=200956"}],"version-history":[{"count":2,"href":"http:\/\/mspontocom.com.br\/site\/wp-json\/wp\/v2\/posts\/200956\/revisions"}],"predecessor-version":[{"id":200966,"href":"http:\/\/mspontocom.com.br\/site\/wp-json\/wp\/v2\/posts\/200956\/revisions\/200966"}],"wp:featuredmedia":[{"embeddable":true,"href":"http:\/\/mspontocom.com.br\/site\/wp-json\/wp\/v2\/media\/200965"}],"wp:attachment":[{"href":"http:\/\/mspontocom.com.br\/site\/wp-json\/wp\/v2\/media?parent=200956"}],"wp:term":[{"taxonomy":"category","embeddable":true,"href":"http:\/\/mspontocom.com.br\/site\/wp-json\/wp\/v2\/categories?post=200956"},{"taxonomy":"post_tag","embeddable":true,"href":"http:\/\/mspontocom.com.br\/site\/wp-json\/wp\/v2\/tags?post=200956"}],"curies":[{"name":"wp","href":"https:\/\/api.w.org\/{rel}","templated":true}]}}