{"id":200958,"date":"2025-07-02T06:32:45","date_gmt":"2025-07-02T10:32:45","guid":{"rendered":"https:\/\/mspontocom.com.br\/site\/?p=200958"},"modified":"2025-07-02T06:32:45","modified_gmt":"2025-07-02T10:32:45","slug":"odio-do-bem-lula-promove-luta-de-classes-em-contas-oficiais","status":"publish","type":"post","link":"http:\/\/mspontocom.com.br\/site\/odio-do-bem-lula-promove-luta-de-classes-em-contas-oficiais\/","title":{"rendered":"\u00d3dio do Bem: Lula promove luta de classes em contas oficiais"},"content":{"rendered":"<p style=\"text-align: justify;\"><img loading=\"lazy\" class=\"alignnone size-full wp-image-200971\" src=\"http:\/\/mspontocom.com.br\/site\/wp-content\/uploads\/2025\/07\/site-governo-lula-promove-luta-de-classes-em-contas-oficiais-redes.jpg\" alt=\"\" width=\"696\" height=\"391\" srcset=\"http:\/\/mspontocom.com.br\/site\/wp-content\/uploads\/2025\/07\/site-governo-lula-promove-luta-de-classes-em-contas-oficiais-redes.jpg 696w, http:\/\/mspontocom.com.br\/site\/wp-content\/uploads\/2025\/07\/site-governo-lula-promove-luta-de-classes-em-contas-oficiais-redes-260x146.jpg 260w\" sizes=\"(max-width: 696px) 100vw, 696px\" \/>O Governo Lula publicou nesta ter\u00e7a-feira, 1\u00ba, em sua conta oficial no <strong>Instagram<\/strong>, um conjunto de imagens e mensagens que apresenta uma disputa entre grupos sociais identificados como \u201csuper-ricos\u201d e trabalhadores.<\/p>\n<p style=\"text-align: justify;\">A iniciativa integra uma campanha digital que defende medidas de <strong>aumento de impostos\u00a0<\/strong> ao mesmo tempo em que prop\u00f5e benef\u00edcios e isen\u00e7\u00f5es tribut\u00e1rias para segmentos de menor renda.<\/p>\n<p style=\"text-align: justify;\">O material, divulgado com a assinatura visual da Presid\u00eancia da Rep\u00fablica e a marca \u201cGoverno Federal \u2013 Uni\u00e3o e Reconstru\u00e7\u00e3o\u201d, cont\u00e9m ilustra\u00e7\u00f5es de um cabo de guerra entre dois grupos distintos.<\/p>\n<p style=\"text-align: justify;\">A mensagem contrasta os grupos.<\/p>\n<p style=\"text-align: justify;\">O uso da express\u00e3o <strong>\u201cluta\u201d<\/strong> e a caracteriza\u00e7\u00e3o de grupos em oposi\u00e7\u00e3o podem ser interpretados como uma ret\u00f3rica de conflito de classes.<\/p>\n<p style=\"text-align: justify;\">O convite ao engajamento \u00e9 expresso na frase: \u201cE voc\u00ea, pra que lado vai puxar essa corda?<\/p>\n","protected":false},"excerpt":{"rendered":"<p>O Governo Lula publicou nesta ter\u00e7a-feira, 1\u00ba, em sua conta oficial no Instagram, um conjunto de imagens e mensagens que apresenta uma disputa entre grupos sociais identificados como \u201csuper-ricos\u201d e trabalhadores. A iniciativa integra uma campanha digital que defende medidas de aumento de impostos\u00a0 ao mesmo tempo em que prop\u00f5e benef\u00edcios e isen\u00e7\u00f5es tribut\u00e1rias para [&hellip;]<\/p>\n","protected":false},"author":2,"featured_media":200971,"comment_status":"open","ping_status":"open","sticky":false,"template":"","format":"standard","meta":{"_monsterinsights_skip_tracking":false,"_monsterinsights_sitenote_active":false,"_monsterinsights_sitenote_note":"","_monsterinsights_sitenote_category":0},"categories":[6,30260,30259,12],"tags":[43197,480,29635,43196,24631,43198],"aioseo_notices":[],"_links":{"self":[{"href":"http:\/\/mspontocom.com.br\/site\/wp-json\/wp\/v2\/posts\/200958"}],"collection":[{"href":"http:\/\/mspontocom.com.br\/site\/wp-json\/wp\/v2\/posts"}],"about":[{"href":"http:\/\/mspontocom.com.br\/site\/wp-json\/wp\/v2\/types\/post"}],"author":[{"embeddable":true,"href":"http:\/\/mspontocom.com.br\/site\/wp-json\/wp\/v2\/users\/2"}],"replies":[{"embeddable":true,"href":"http:\/\/mspontocom.com.br\/site\/wp-json\/wp\/v2\/comments?post=200958"}],"version-history":[{"count":2,"href":"http:\/\/mspontocom.com.br\/site\/wp-json\/wp\/v2\/posts\/200958\/revisions"}],"predecessor-version":[{"id":200972,"href":"http:\/\/mspontocom.com.br\/site\/wp-json\/wp\/v2\/posts\/200958\/revisions\/200972"}],"wp:featuredmedia":[{"embeddable":true,"href":"http:\/\/mspontocom.com.br\/site\/wp-json\/wp\/v2\/media\/200971"}],"wp:attachment":[{"href":"http:\/\/mspontocom.com.br\/site\/wp-json\/wp\/v2\/media?parent=200958"}],"wp:term":[{"taxonomy":"category","embeddable":true,"href":"http:\/\/mspontocom.com.br\/site\/wp-json\/wp\/v2\/categories?post=200958"},{"taxonomy":"post_tag","embeddable":true,"href":"http:\/\/mspontocom.com.br\/site\/wp-json\/wp\/v2\/tags?post=200958"}],"curies":[{"name":"wp","href":"https:\/\/api.w.org\/{rel}","templated":true}]}}