{"id":201001,"date":"2025-07-03T06:12:11","date_gmt":"2025-07-03T10:12:11","guid":{"rendered":"https:\/\/mspontocom.com.br\/site\/?p=201001"},"modified":"2025-07-03T06:12:11","modified_gmt":"2025-07-03T10:12:11","slug":"pl-ironiza-globo-e-defende-michelle-bolsonaro-barrigada","status":"publish","type":"post","link":"http:\/\/mspontocom.com.br\/site\/pl-ironiza-globo-e-defende-michelle-bolsonaro-barrigada\/","title":{"rendered":"PL ironiza Globo e defende Michelle Bolsonaro: \u201cBarrigada\u201d"},"content":{"rendered":"<p style=\"text-align: justify;\"><img loading=\"lazy\" class=\"alignnone size-full wp-image-201003\" src=\"http:\/\/mspontocom.com.br\/site\/wp-content\/uploads\/2025\/07\/site-pl-mulher-ironiza-o-globo-e-defende-michelle-bolsonaro-de-criticas-sobre-2026-barrigada-globo.jpg\" alt=\"\" width=\"888\" height=\"563\" srcset=\"http:\/\/mspontocom.com.br\/site\/wp-content\/uploads\/2025\/07\/site-pl-mulher-ironiza-o-globo-e-defende-michelle-bolsonaro-de-criticas-sobre-2026-barrigada-globo.jpg 888w, http:\/\/mspontocom.com.br\/site\/wp-content\/uploads\/2025\/07\/site-pl-mulher-ironiza-o-globo-e-defende-michelle-bolsonaro-de-criticas-sobre-2026-barrigada-globo-260x165.jpg 260w, http:\/\/mspontocom.com.br\/site\/wp-content\/uploads\/2025\/07\/site-pl-mulher-ironiza-o-globo-e-defende-michelle-bolsonaro-de-criticas-sobre-2026-barrigada-globo-768x487.jpg 768w\" sizes=\"(max-width: 888px) 100vw, 888px\" \/>Na contram\u00e3o das\u00a0<strong>pesquisas eleitorais mais recentes<\/strong>, a colunista do jornal\u00a0<em>O Globo<\/em>, Bela Megale, publicou na \u00faltima ter\u00e7a-feira uma an\u00e1lise alegando que a ex-primeira-dama <strong>Michelle Bolsonaro<\/strong>\u00a0teria perdido for\u00e7a na corrida presidencial rumo a 2026.<\/p>\n<p style=\"text-align: justify;\">A jornalista construiu sua tese com base em \u201cconjecturas muito peculiares\u201d, sugerindo que a principal lideran\u00e7a feminina da pol\u00edtica conservadora brasileira \u201cjogou a toalha quando o assunto \u00e9 disputar a Presid\u00eancia em 2026\u201d.<\/p>\n<h2 id=\"h-ausencia-em-ato-politico-vira-argumento-para-descartar-michelle\" class=\"wp-block-heading\" style=\"text-align: justify;\">Aus\u00eancia em ato pol\u00edtico vira argumento para descartar Michelle<\/h2>\n<p style=\"text-align: justify;\">Bela Megale apontou a aus\u00eancia de Michelle Bolsonaro na manifesta\u00e7\u00e3o do \u00faltimo domingo (29), na Avenida Paulista, como fator-chave para sua conclus\u00e3o.<\/p>\n<h2 id=\"h-pl-mulher-rebate-com-ironia-e-tom-incisivo\" class=\"wp-block-heading\" style=\"text-align: justify;\">PL Mulher rebate com ironia e tom incisivo<\/h2>\n<p style=\"text-align: justify;\">Em resposta imediata \u00e0 mat\u00e9ria, o perfil oficial do\u00a0<strong>PL Mulher<\/strong> utilizou suas redes sociais\u00a0 para ironizar e contestar as afirma\u00e7\u00f5es da colunista.<\/p>\n<p style=\"text-align: justify;\">Com uso reiterado do nome \u201cBela\u201d e suas varia\u00e7\u00f5es, a legenda do partido alfinetou a jornalista de forma direta.<\/p>\n<p style=\"text-align: justify;\">O texto satiriza a credibilidade da informa\u00e7\u00e3o e levanta suspeitas sobre as fontes utilizadas na reportagem:<\/p>\n<blockquote>\n<p style=\"text-align: justify;\"><span style=\"font-size: 14pt;\"><em>\u201cMais que\u00a0<strong>Bela Barrigada<\/strong>! Ali\u00e1s, mais uma\u2026 Aqui Vai Uma\u00a0<strong>Bela Li\u00e7\u00e3o<\/strong>: Enquanto confiarem em fontes furadas\u00a0 ou tentarem criar \u201cclickbaits\u201d para compensar a queda de audi\u00eancia; n\u00e3o haver\u00e1 furo, apenas <strong>barrigadas<\/strong>! \u00c9 t\u00e3o dif\u00edcil entender isso?\u201d<\/em><\/span><\/p>\n<\/blockquote>\n","protected":false},"excerpt":{"rendered":"<p>Na contram\u00e3o das\u00a0pesquisas eleitorais mais recentes, a colunista do jornal\u00a0O Globo, Bela Megale, publicou na \u00faltima ter\u00e7a-feira uma an\u00e1lise alegando que a ex-primeira-dama Michelle Bolsonaro\u00a0teria perdido for\u00e7a na corrida presidencial rumo a 2026. A jornalista construiu sua tese com base em \u201cconjecturas muito peculiares\u201d, sugerindo que a principal lideran\u00e7a feminina da pol\u00edtica conservadora brasileira \u201cjogou [&hellip;]<\/p>\n","protected":false},"author":2,"featured_media":201003,"comment_status":"open","ping_status":"open","sticky":false,"template":"","format":"standard","meta":{"_monsterinsights_skip_tracking":false,"_monsterinsights_sitenote_active":false,"_monsterinsights_sitenote_note":"","_monsterinsights_sitenote_category":0},"categories":[6,30260,30259,12],"tags":[43202,501,33069,43201],"aioseo_notices":[],"_links":{"self":[{"href":"http:\/\/mspontocom.com.br\/site\/wp-json\/wp\/v2\/posts\/201001"}],"collection":[{"href":"http:\/\/mspontocom.com.br\/site\/wp-json\/wp\/v2\/posts"}],"about":[{"href":"http:\/\/mspontocom.com.br\/site\/wp-json\/wp\/v2\/types\/post"}],"author":[{"embeddable":true,"href":"http:\/\/mspontocom.com.br\/site\/wp-json\/wp\/v2\/users\/2"}],"replies":[{"embeddable":true,"href":"http:\/\/mspontocom.com.br\/site\/wp-json\/wp\/v2\/comments?post=201001"}],"version-history":[{"count":2,"href":"http:\/\/mspontocom.com.br\/site\/wp-json\/wp\/v2\/posts\/201001\/revisions"}],"predecessor-version":[{"id":201004,"href":"http:\/\/mspontocom.com.br\/site\/wp-json\/wp\/v2\/posts\/201001\/revisions\/201004"}],"wp:featuredmedia":[{"embeddable":true,"href":"http:\/\/mspontocom.com.br\/site\/wp-json\/wp\/v2\/media\/201003"}],"wp:attachment":[{"href":"http:\/\/mspontocom.com.br\/site\/wp-json\/wp\/v2\/media?parent=201001"}],"wp:term":[{"taxonomy":"category","embeddable":true,"href":"http:\/\/mspontocom.com.br\/site\/wp-json\/wp\/v2\/categories?post=201001"},{"taxonomy":"post_tag","embeddable":true,"href":"http:\/\/mspontocom.com.br\/site\/wp-json\/wp\/v2\/tags?post=201001"}],"curies":[{"name":"wp","href":"https:\/\/api.w.org\/{rel}","templated":true}]}}