{"id":201033,"date":"2025-07-04T05:16:44","date_gmt":"2025-07-04T09:16:44","guid":{"rendered":"https:\/\/mspontocom.com.br\/site\/?p=201033"},"modified":"2025-07-04T05:16:44","modified_gmt":"2025-07-04T09:16:44","slug":"boulos-comemora-invasao-a-sede-do-itau-e-ai-alexandre-de-moraes","status":"publish","type":"post","link":"http:\/\/mspontocom.com.br\/site\/boulos-comemora-invasao-a-sede-do-itau-e-ai-alexandre-de-moraes\/","title":{"rendered":"Boulos comemora invas\u00e3o \u00e0 sede do Ita\u00fa. E a\u00ed Alexandre de Moraes?"},"content":{"rendered":"<p style=\"text-align: justify;\"><img loading=\"lazy\" class=\"alignnone size-full wp-image-201042\" src=\"http:\/\/mspontocom.com.br\/site\/wp-content\/uploads\/2025\/07\/site-boulos-comemora-invasao-a-sede-do-itau-e-ai-alexandre-de-moraes-alexandre-moraes-660x372-1.jpeg\" alt=\"\" width=\"660\" height=\"372\" srcset=\"http:\/\/mspontocom.com.br\/site\/wp-content\/uploads\/2025\/07\/site-boulos-comemora-invasao-a-sede-do-itau-e-ai-alexandre-de-moraes-alexandre-moraes-660x372-1.jpeg 660w, http:\/\/mspontocom.com.br\/site\/wp-content\/uploads\/2025\/07\/site-boulos-comemora-invasao-a-sede-do-itau-e-ai-alexandre-de-moraes-alexandre-moraes-660x372-1-260x147.jpeg 260w\" sizes=\"(max-width: 660px) 100vw, 660px\" \/>O ministro Alexandre de Moraes (STF) condenou uma pichadora de est\u00e1tua com batom a 14 anos de pris\u00e3o.<\/p>\n<p style=\"text-align: justify;\">Alexandre de Moraes tamb\u00e9m condenou um acusado de pegar uma bola de futebol autografada por Neymar a 17 anos encarcerado.<\/p>\n<p style=\"text-align: justify;\"><span style=\"font-size: 14pt;\"><strong>O mspontocom pergunta: Qual seria a pena de Boulos?<\/strong><\/span><\/p>\n<p style=\"text-align: justify;\">O deputado federal\u00a0Guilherme Boulos usou as redes sociais nesta quinta-feira para celebrar a<strong> invas\u00e3o da sede do banco Ita\u00fa<\/strong> na Faria Lima, organizada pelo Movimento dos Trabalhadores Sem-Teto (MTST) e pela Frente Povo Sem Medo.<\/p>\n<p style=\"text-align: justify;\">Segundo ele, o pr\u00e9dio foi escolhido por ser \u201cs\u00edmbolo da concentra\u00e7\u00e3o de riqueza\u201d no pa\u00eds..<\/p>\n<blockquote class=\"wp-block-quote is-layout-flow wp-block-quote-is-layout-flow\"><p>\u201cA OCUPA\u00c7\u00c3O TEM COMO PAUTA A TAXA\u00c7\u00c3O DOS SUPER-RICOS\u201d, DECLAROU BOULOS. \u201cO RECADO DO POVO \u00c9 CLARO: O BRASIL PRECISA DE JUSTI\u00c7A TRIBUT\u00c1RIA.\u201d<\/p><\/blockquote>\n<p style=\"text-align: justify;\">Os invasores exibiam faixas com as seguintes mensagens:<\/p>\n<p style=\"text-align: justify;\">\u201cTaxa\u00e7\u00e3o dos super-ricos j\u00e1\u201d, \u201co povo n\u00e3o vai pagar a conta\u201d e \u201cchega de mamata\u201d.<\/p>\n<p style=\"text-align: justify;\">De acordo com a Pol\u00edcia Militar paulista, cerca de 50 militantes participaram do ato.<\/p>\n<h2 id=\"h-a-invasao-da-sede-do-itau\" class=\"wp-block-heading\" style=\"text-align: justify;\">A invas\u00e3o da sede do Ita\u00fa<\/h2>\n<p style=\"text-align: justify;\">Pelas redes sociais, a Frente Povo Sem Medo afirmou que o ato teve como objetivo defender uma suposta \u201cjusti\u00e7a tribut\u00e1ria\u201d.<\/p>\n<figure class=\"wp-block-embed is-type-rich is-provider-twitter wp-block-embed-twitter\" style=\"text-align: justify;\"><\/figure>\n<p style=\"text-align: justify;\">Tamb\u00e9m pelas redes sociais, o MTST chamou o ato de \u201cocupa\u00e7\u00e3o\u201d.<\/p>\n<p style=\"text-align: justify;\">Por fim, o grupo amea\u00e7ou novas invas\u00f5es:<\/p>\n<p style=\"text-align: justify;\"><strong>\u201cNossa ocupa\u00e7\u00e3o na sede do Ita\u00fa em S\u00e3o Paulo \u00e9 s\u00f3 o come\u00e7o.\u201d<\/strong><\/p>\n","protected":false},"excerpt":{"rendered":"<p>O ministro Alexandre de Moraes (STF) condenou uma pichadora de est\u00e1tua com batom a 14 anos de pris\u00e3o. Alexandre de Moraes tamb\u00e9m condenou um acusado de pegar uma bola de futebol autografada por Neymar a 17 anos encarcerado. O mspontocom pergunta: Qual seria a pena de Boulos? O deputado federal\u00a0Guilherme Boulos usou as redes sociais [&hellip;]<\/p>\n","protected":false},"author":2,"featured_media":201042,"comment_status":"open","ping_status":"open","sticky":false,"template":"","format":"standard","meta":{"_monsterinsights_skip_tracking":false,"_monsterinsights_sitenote_active":false,"_monsterinsights_sitenote_note":"","_monsterinsights_sitenote_category":0},"categories":[6,30260,30259,12],"tags":[26336,34947,27594,13455,12152,4888],"aioseo_notices":[],"_links":{"self":[{"href":"http:\/\/mspontocom.com.br\/site\/wp-json\/wp\/v2\/posts\/201033"}],"collection":[{"href":"http:\/\/mspontocom.com.br\/site\/wp-json\/wp\/v2\/posts"}],"about":[{"href":"http:\/\/mspontocom.com.br\/site\/wp-json\/wp\/v2\/types\/post"}],"author":[{"embeddable":true,"href":"http:\/\/mspontocom.com.br\/site\/wp-json\/wp\/v2\/users\/2"}],"replies":[{"embeddable":true,"href":"http:\/\/mspontocom.com.br\/site\/wp-json\/wp\/v2\/comments?post=201033"}],"version-history":[{"count":2,"href":"http:\/\/mspontocom.com.br\/site\/wp-json\/wp\/v2\/posts\/201033\/revisions"}],"predecessor-version":[{"id":201043,"href":"http:\/\/mspontocom.com.br\/site\/wp-json\/wp\/v2\/posts\/201033\/revisions\/201043"}],"wp:featuredmedia":[{"embeddable":true,"href":"http:\/\/mspontocom.com.br\/site\/wp-json\/wp\/v2\/media\/201042"}],"wp:attachment":[{"href":"http:\/\/mspontocom.com.br\/site\/wp-json\/wp\/v2\/media?parent=201033"}],"wp:term":[{"taxonomy":"category","embeddable":true,"href":"http:\/\/mspontocom.com.br\/site\/wp-json\/wp\/v2\/categories?post=201033"},{"taxonomy":"post_tag","embeddable":true,"href":"http:\/\/mspontocom.com.br\/site\/wp-json\/wp\/v2\/tags?post=201033"}],"curies":[{"name":"wp","href":"https:\/\/api.w.org\/{rel}","templated":true}]}}