{"id":201037,"date":"2025-07-04T06:14:04","date_gmt":"2025-07-04T10:14:04","guid":{"rendered":"https:\/\/mspontocom.com.br\/site\/?p=201037"},"modified":"2025-07-04T06:14:57","modified_gmt":"2025-07-04T10:14:57","slug":"lula-pede-que-ladra-kirchner-seja-libertada-cristina-libre","status":"publish","type":"post","link":"http:\/\/mspontocom.com.br\/site\/lula-pede-que-ladra-kirchner-seja-libertada-cristina-libre\/","title":{"rendered":"Lula pede que ladra Kirchner seja libertada: Cristina Libre"},"content":{"rendered":"<p style=\"text-align: justify;\"><img loading=\"lazy\" class=\"alignnone size-full wp-image-201038\" src=\"http:\/\/mspontocom.com.br\/site\/wp-content\/uploads\/2025\/07\/site-lula-pede-que-ladra-kirchner-seja-libertada-cristina-libre-lula-ki.webp\" alt=\"\" width=\"848\" height=\"477\" srcset=\"http:\/\/mspontocom.com.br\/site\/wp-content\/uploads\/2025\/07\/site-lula-pede-que-ladra-kirchner-seja-libertada-cristina-libre-lula-ki.webp 848w, http:\/\/mspontocom.com.br\/site\/wp-content\/uploads\/2025\/07\/site-lula-pede-que-ladra-kirchner-seja-libertada-cristina-libre-lula-ki-260x146.webp 260w, http:\/\/mspontocom.com.br\/site\/wp-content\/uploads\/2025\/07\/site-lula-pede-que-ladra-kirchner-seja-libertada-cristina-libre-lula-ki-768x432.webp 768w\" sizes=\"(max-width: 848px) 100vw, 848px\" \/>O presidente <strong>Lula<\/strong> compartilhou nas redes sociais um momento em que segura uma placa com a manifesta\u00e7\u00e3o <strong>\u201cCristina Livre\u201d,<\/strong> em refer\u00eancia \u00e0 pris\u00e3o domiciliar da ex-presidente da Argentina<strong> Cristina Kirchner.<\/strong><\/p>\n<p style=\"text-align: justify;\">Durante o encontro com Lula \u2013que ficou 580 dias preso pela Lava Jato de 2018 a 2019,\u00a0 classificou a visita como um \u201cato pol\u00edtico de solidariedade\u201d\u00a0 e\u00a0 comparou o per\u00edodo em que ele mesmo esteve preso:<strong> \u201ctamb\u00e9m fui perseguido.\u201d.<\/strong><\/p>\n<p style=\"text-align: justify;\">A ex-chefe do Executivo argentino foi condenada a 6 anos de pris\u00e3o e inelegibilidade por se envolver em um <strong>esquema de corrup\u00e7\u00e3o<\/strong> durante seu governo, de 2007 a 2015.<\/p>\n","protected":false},"excerpt":{"rendered":"<p>O presidente Lula compartilhou nas redes sociais um momento em que segura uma placa com a manifesta\u00e7\u00e3o \u201cCristina Livre\u201d, em refer\u00eancia \u00e0 pris\u00e3o domiciliar da ex-presidente da Argentina Cristina Kirchner. Durante o encontro com Lula \u2013que ficou 580 dias preso pela Lava Jato de 2018 a 2019,\u00a0 classificou a visita como um \u201cato pol\u00edtico de [&hellip;]<\/p>\n","protected":false},"author":2,"featured_media":201038,"comment_status":"open","ping_status":"open","sticky":false,"template":"","format":"standard","meta":{"_monsterinsights_skip_tracking":false,"_monsterinsights_sitenote_active":false,"_monsterinsights_sitenote_note":"","_monsterinsights_sitenote_category":0},"categories":[12],"tags":[43207,43142,43206,480],"aioseo_notices":[],"_links":{"self":[{"href":"http:\/\/mspontocom.com.br\/site\/wp-json\/wp\/v2\/posts\/201037"}],"collection":[{"href":"http:\/\/mspontocom.com.br\/site\/wp-json\/wp\/v2\/posts"}],"about":[{"href":"http:\/\/mspontocom.com.br\/site\/wp-json\/wp\/v2\/types\/post"}],"author":[{"embeddable":true,"href":"http:\/\/mspontocom.com.br\/site\/wp-json\/wp\/v2\/users\/2"}],"replies":[{"embeddable":true,"href":"http:\/\/mspontocom.com.br\/site\/wp-json\/wp\/v2\/comments?post=201037"}],"version-history":[{"count":1,"href":"http:\/\/mspontocom.com.br\/site\/wp-json\/wp\/v2\/posts\/201037\/revisions"}],"predecessor-version":[{"id":201039,"href":"http:\/\/mspontocom.com.br\/site\/wp-json\/wp\/v2\/posts\/201037\/revisions\/201039"}],"wp:featuredmedia":[{"embeddable":true,"href":"http:\/\/mspontocom.com.br\/site\/wp-json\/wp\/v2\/media\/201038"}],"wp:attachment":[{"href":"http:\/\/mspontocom.com.br\/site\/wp-json\/wp\/v2\/media?parent=201037"}],"wp:term":[{"taxonomy":"category","embeddable":true,"href":"http:\/\/mspontocom.com.br\/site\/wp-json\/wp\/v2\/categories?post=201037"},{"taxonomy":"post_tag","embeddable":true,"href":"http:\/\/mspontocom.com.br\/site\/wp-json\/wp\/v2\/tags?post=201037"}],"curies":[{"name":"wp","href":"https:\/\/api.w.org\/{rel}","templated":true}]}}