{"id":201080,"date":"2025-07-05T07:00:26","date_gmt":"2025-07-05T11:00:26","guid":{"rendered":"https:\/\/mspontocom.com.br\/site\/?p=201080"},"modified":"2025-07-05T07:00:26","modified_gmt":"2025-07-05T11:00:26","slug":"lula-esquece-roubo-no-inss-e-diz-que-selic-e-seu-unico-numero-negativo","status":"publish","type":"post","link":"http:\/\/mspontocom.com.br\/site\/lula-esquece-roubo-no-inss-e-diz-que-selic-e-seu-unico-numero-negativo\/","title":{"rendered":"Lula \u2018esquece\u2019 roubo no INSS e diz que Selic \u00e9 seu \u2018\u00fanico n\u00famero negativo\u2019"},"content":{"rendered":"<p style=\"text-align: justify;\"><img loading=\"lazy\" class=\"alignnone size-full wp-image-201081\" src=\"http:\/\/mspontocom.com.br\/site\/wp-content\/uploads\/2025\/07\/site-lula-esquece-roubo-no-inss-e-diz-que-selic-e-seu-unico-numero-negativo-lula-inss-boa-400x210-1.jpeg\" alt=\"\" width=\"400\" height=\"210\" srcset=\"http:\/\/mspontocom.com.br\/site\/wp-content\/uploads\/2025\/07\/site-lula-esquece-roubo-no-inss-e-diz-que-selic-e-seu-unico-numero-negativo-lula-inss-boa-400x210-1.jpeg 400w, http:\/\/mspontocom.com.br\/site\/wp-content\/uploads\/2025\/07\/site-lula-esquece-roubo-no-inss-e-diz-que-selic-e-seu-unico-numero-negativo-lula-inss-boa-400x210-1-260x137.jpeg 260w\" sizes=\"(max-width: 400px) 100vw, 400px\" \/><\/p>\n<p style=\"text-align: justify;\">O presidente Luiz In\u00e1cio Lula da Silva (PT) afirmou que a Taxa Selic, atualmente fixada em 15% ao ano, \u00e9 o <em>\u201c\u00fanico n\u00famero negativo\u201d<\/em>\u00a0de seu governo.<\/p>\n<p style=\"text-align: justify;\">Esqueceu os n\u00fameros do roubo aos aposentados do INSS, cujas estimativas indicam o afano bilion\u00e1rio que vitimou cerca de 9 milh\u00f5es de inativos.<\/p>\n<p style=\"text-align: justify;\">Sem mencionar diretamente o nome do ex-presidente do Banco Central, Roberto Campos Neto, Lula fez uma analogia para criticar a sua gest\u00e3o.<\/p>\n<blockquote><p><em>\u201cHerdamos uma pessoa com uma febre muito alta, e para curar essa febre leva um tempo. Mas podem ficar certos de que os juros tamb\u00e9m v\u00e3o cair\u201d<\/em>, declarou.<\/p><\/blockquote>\n<p style=\"text-align: justify;\">A manuten\u00e7\u00e3o da Selic em patamares elevados tem sido justific\u00e1vel, segundo o BC, como medida de conten\u00e7\u00e3o \u00e0 infla\u00e7\u00e3o e ancoragem das expectativas do mercado.<\/p>\n","protected":false},"excerpt":{"rendered":"<p>O presidente Luiz In\u00e1cio Lula da Silva (PT) afirmou que a Taxa Selic, atualmente fixada em 15% ao ano, \u00e9 o \u201c\u00fanico n\u00famero negativo\u201d\u00a0de seu governo. Esqueceu os n\u00fameros do roubo aos aposentados do INSS, cujas estimativas indicam o afano bilion\u00e1rio que vitimou cerca de 9 milh\u00f5es de inativos. Sem mencionar diretamente o nome do [&hellip;]<\/p>\n","protected":false},"author":2,"featured_media":201081,"comment_status":"open","ping_status":"open","sticky":false,"template":"","format":"standard","meta":{"_monsterinsights_skip_tracking":false,"_monsterinsights_sitenote_active":false,"_monsterinsights_sitenote_note":"","_monsterinsights_sitenote_category":0},"categories":[6,30260,30259,12],"tags":[617,480,3830,5719],"aioseo_notices":[],"_links":{"self":[{"href":"http:\/\/mspontocom.com.br\/site\/wp-json\/wp\/v2\/posts\/201080"}],"collection":[{"href":"http:\/\/mspontocom.com.br\/site\/wp-json\/wp\/v2\/posts"}],"about":[{"href":"http:\/\/mspontocom.com.br\/site\/wp-json\/wp\/v2\/types\/post"}],"author":[{"embeddable":true,"href":"http:\/\/mspontocom.com.br\/site\/wp-json\/wp\/v2\/users\/2"}],"replies":[{"embeddable":true,"href":"http:\/\/mspontocom.com.br\/site\/wp-json\/wp\/v2\/comments?post=201080"}],"version-history":[{"count":1,"href":"http:\/\/mspontocom.com.br\/site\/wp-json\/wp\/v2\/posts\/201080\/revisions"}],"predecessor-version":[{"id":201082,"href":"http:\/\/mspontocom.com.br\/site\/wp-json\/wp\/v2\/posts\/201080\/revisions\/201082"}],"wp:featuredmedia":[{"embeddable":true,"href":"http:\/\/mspontocom.com.br\/site\/wp-json\/wp\/v2\/media\/201081"}],"wp:attachment":[{"href":"http:\/\/mspontocom.com.br\/site\/wp-json\/wp\/v2\/media?parent=201080"}],"wp:term":[{"taxonomy":"category","embeddable":true,"href":"http:\/\/mspontocom.com.br\/site\/wp-json\/wp\/v2\/categories?post=201080"},{"taxonomy":"post_tag","embeddable":true,"href":"http:\/\/mspontocom.com.br\/site\/wp-json\/wp\/v2\/tags?post=201080"}],"curies":[{"name":"wp","href":"https:\/\/api.w.org\/{rel}","templated":true}]}}