{"id":201095,"date":"2025-07-06T07:01:21","date_gmt":"2025-07-06T11:01:21","guid":{"rendered":"https:\/\/mspontocom.com.br\/site\/?p=201095"},"modified":"2025-07-06T07:01:21","modified_gmt":"2025-07-06T11:01:21","slug":"esquerda-quer-igualdade-sem-reduzir-pobreza-diz-campos-neto","status":"publish","type":"post","link":"http:\/\/mspontocom.com.br\/site\/esquerda-quer-igualdade-sem-reduzir-pobreza-diz-campos-neto\/","title":{"rendered":"Esquerda quer igualdade sem reduzir pobreza, diz Campos Neto"},"content":{"rendered":"<p style=\"text-align: justify;\"><em><img loading=\"lazy\" class=\"alignnone size-full wp-image-201100\" src=\"http:\/\/mspontocom.com.br\/site\/wp-content\/uploads\/2025\/07\/site-esquerda-quer-igualdade-sem-reduzir-pobreza-diz-campos-neto-campos-neto-1.webp\" alt=\"\" width=\"900\" height=\"600\" srcset=\"http:\/\/mspontocom.com.br\/site\/wp-content\/uploads\/2025\/07\/site-esquerda-quer-igualdade-sem-reduzir-pobreza-diz-campos-neto-campos-neto-1.webp 900w, http:\/\/mspontocom.com.br\/site\/wp-content\/uploads\/2025\/07\/site-esquerda-quer-igualdade-sem-reduzir-pobreza-diz-campos-neto-campos-neto-1-260x173.webp 260w, http:\/\/mspontocom.com.br\/site\/wp-content\/uploads\/2025\/07\/site-esquerda-quer-igualdade-sem-reduzir-pobreza-diz-campos-neto-campos-neto-1-768x512.webp 768w\" sizes=\"(max-width: 900px) 100vw, 900px\" \/><\/em>O ex-presidente do Banco Central <strong>Roberto Campos Neto<\/strong> fez uma dura cr\u00edtica \u00e0 matriz econ\u00f4mica e social do governo do presidente Lula.<\/p>\n<p style=\"text-align: justify;\">Disse que a administra\u00e7\u00e3o federal, de esquerda, tem <strong>\u201cuma obsess\u00e3o com igualdade e n\u00e3o com diminui\u00e7\u00e3o da pobreza.<\/strong> Como a igualdade n\u00e3o \u00e9 um fen\u00f4meno natural, o governo se vende como necess\u00e1rio para corrigir este erro\u201d.<\/p>\n<p style=\"text-align: justify;\">Para o ex-presidente do BC, a obsess\u00e3o das esquerdas com promover a igualdade leva a um processo em que o \u201ccrescimento \u00e9 feito com d\u00edvida e impostos nas empresas\u201d.<\/p>\n<blockquote><p><em><span style=\"font-size: 14pt;\">O resultado \u00e9 que o pa\u00eds acaba tendo \u201cum Estado maior, setor privado atrofiado, d\u00edvida insustent\u00e1vel, infla\u00e7\u00e3o estrutural mais alta, juros altos e baixa produtividade\u201d.<\/span><\/em><\/p><\/blockquote>\n<p style=\"text-align: justify;\">Para ele, \u201co jogo acaba quando a inje\u00e7\u00e3o p\u00fablica de recursos faz mais mal do que bem e fica claro que todos v\u00e3o terminar em uma situa\u00e7\u00e3o pior\u201d.<\/p>\n<p style=\"text-align: justify;\"><em><span style=\"font-size: 18pt;\"><strong>\u00d3DIO DO BEM: N\u00d3S CONTRE ELES<\/strong><\/span><\/em><\/p>\n<p style=\"text-align: justify;\">O ex-presidente do BC tamb\u00e9m \u00e9 cr\u00edtico \u00e0 atual estrat\u00e9gia do governo Lula, de usar o discurso de \u201cpobres\u201d contra \u201cricos\u201d para justificar certos aumentos de impostos e aumento de gastos sociais.<\/p>\n<blockquote><p><em> \u201cO discurso de \u2018n\u00f3s contra eles\u2019 \u00e9 ruim para todo mundo. N\u00e3o \u00e9 o que vai fazer o pa\u00eds crescer de forma estrutural. Precisamos unir todo mundo, o empres\u00e1rio, o empregado, o governo\u201d, declarou em sua entrevista.<\/em><\/p><\/blockquote>\n<p style=\"text-align: justify;\">\n","protected":false},"excerpt":{"rendered":"<p>O ex-presidente do Banco Central Roberto Campos Neto fez uma dura cr\u00edtica \u00e0 matriz econ\u00f4mica e social do governo do presidente Lula. Disse que a administra\u00e7\u00e3o federal, de esquerda, tem \u201cuma obsess\u00e3o com igualdade e n\u00e3o com diminui\u00e7\u00e3o da pobreza. Como a igualdade n\u00e3o \u00e9 um fen\u00f4meno natural, o governo se vende como necess\u00e1rio para [&hellip;]<\/p>\n","protected":false},"author":2,"featured_media":201100,"comment_status":"open","ping_status":"open","sticky":false,"template":"","format":"standard","meta":{"_monsterinsights_skip_tracking":false,"_monsterinsights_sitenote_active":false,"_monsterinsights_sitenote_note":"","_monsterinsights_sitenote_category":0},"categories":[6,30260,15,30259,12],"tags":[41740,21869,27548,537,31831],"aioseo_notices":[],"_links":{"self":[{"href":"http:\/\/mspontocom.com.br\/site\/wp-json\/wp\/v2\/posts\/201095"}],"collection":[{"href":"http:\/\/mspontocom.com.br\/site\/wp-json\/wp\/v2\/posts"}],"about":[{"href":"http:\/\/mspontocom.com.br\/site\/wp-json\/wp\/v2\/types\/post"}],"author":[{"embeddable":true,"href":"http:\/\/mspontocom.com.br\/site\/wp-json\/wp\/v2\/users\/2"}],"replies":[{"embeddable":true,"href":"http:\/\/mspontocom.com.br\/site\/wp-json\/wp\/v2\/comments?post=201095"}],"version-history":[{"count":3,"href":"http:\/\/mspontocom.com.br\/site\/wp-json\/wp\/v2\/posts\/201095\/revisions"}],"predecessor-version":[{"id":201102,"href":"http:\/\/mspontocom.com.br\/site\/wp-json\/wp\/v2\/posts\/201095\/revisions\/201102"}],"wp:featuredmedia":[{"embeddable":true,"href":"http:\/\/mspontocom.com.br\/site\/wp-json\/wp\/v2\/media\/201100"}],"wp:attachment":[{"href":"http:\/\/mspontocom.com.br\/site\/wp-json\/wp\/v2\/media?parent=201095"}],"wp:term":[{"taxonomy":"category","embeddable":true,"href":"http:\/\/mspontocom.com.br\/site\/wp-json\/wp\/v2\/categories?post=201095"},{"taxonomy":"post_tag","embeddable":true,"href":"http:\/\/mspontocom.com.br\/site\/wp-json\/wp\/v2\/tags?post=201095"}],"curies":[{"name":"wp","href":"https:\/\/api.w.org\/{rel}","templated":true}]}}