{"id":201112,"date":"2025-07-07T06:58:34","date_gmt":"2025-07-07T10:58:34","guid":{"rendered":"https:\/\/mspontocom.com.br\/site\/?p=201112"},"modified":"2025-07-07T07:24:30","modified_gmt":"2025-07-07T11:24:30","slug":"penduricalhos-do-judiciario-em-2025-ja-custam-mais-que-5-programas-sociais","status":"publish","type":"post","link":"http:\/\/mspontocom.com.br\/site\/penduricalhos-do-judiciario-em-2025-ja-custam-mais-que-5-programas-sociais\/","title":{"rendered":"Penduricalhos do Judici\u00e1rio em 2025 j\u00e1 custam mais que 5 programas sociais"},"content":{"rendered":"<p style=\"text-align: justify;\"><img loading=\"lazy\" class=\"alignnone size-full wp-image-201113\" src=\"http:\/\/mspontocom.com.br\/site\/wp-content\/uploads\/2025\/07\/site-penduricalhos-do-judiciario-em-2025-ja-custam-mais-que-5-programas-sociais-penduricalhos-696x464-1.jpg\" alt=\"\" width=\"696\" height=\"464\" srcset=\"http:\/\/mspontocom.com.br\/site\/wp-content\/uploads\/2025\/07\/site-penduricalhos-do-judiciario-em-2025-ja-custam-mais-que-5-programas-sociais-penduricalhos-696x464-1.jpg 696w, http:\/\/mspontocom.com.br\/site\/wp-content\/uploads\/2025\/07\/site-penduricalhos-do-judiciario-em-2025-ja-custam-mais-que-5-programas-sociais-penduricalhos-696x464-1-260x173.jpg 260w\" sizes=\"(max-width: 696px) 100vw, 696px\" \/>Os benef\u00edcios extras pagos a ju\u00edzes e desembargadores em 2025 j\u00e1 ultrapassaram os custos de ao menos cinco programas sociais federais que atendem milh\u00f5es de brasileiros.<\/p>\n<p style=\"text-align: justify;\">Esses pagamentos, conhecidos como<strong> \u201cpenduricalhos\u201d,<\/strong> somaram aproximadamente R$ 7 bilh\u00f5es at\u00e9 maio e beneficiaram os quase 20 mil integrantes da elite da magistratura.<\/p>\n<p style=\"text-align: justify;\">Entre 2023 e 2024, esses penduricalhos cresceram quase 50% \u2014 \u00edndice dez vezes superior \u00e0 infla\u00e7\u00e3o do per\u00edodo, que ficou em cerca de 5%.<\/p>\n<p style=\"text-align: justify;\">Somente no primeiro semestre de 2025, as despesas com esses ganhos adicionais chegaram a R$ 5,7 bilh\u00f5es.<\/p>\n<p style=\"text-align: justify;\">Como n\u00e3o s\u00e3o considerados sal\u00e1rios, os penduricalhos escapam do teto constitucional e tamb\u00e9m <strong>n\u00e3o sofrem reten\u00e7\u00e3o de Imposto de Renda.<\/strong><\/p>\n<p style=\"text-align: justify;\">Esses valores j\u00e1 ultrapassam, por exemplo, o seguro-defeso, benef\u00edcio tempor\u00e1rio.<\/p>\n<p style=\"text-align: justify;\">Tamb\u00e9m ficam acima do<strong> Aux\u00edlio-G\u00e1s,<\/strong> que atende em torno de 5,5 milh\u00f5es de fam\u00edlias em situa\u00e7\u00e3o de pobreza e tem or\u00e7amento previsto de R$ 3,5 bilh\u00f5es para este ano.<\/p>\n<p style=\"text-align: justify;\">Outro exemplo \u00e9 o programa <strong>P\u00e9-de-Meia<\/strong>, vitrine do\u00a0governo Lula, que garante bolsa para jovens de baixa renda matriculados no ensino m\u00e9dio p\u00fablico.<\/p>\n<p style=\"text-align: justify;\">O contraste tamb\u00e9m aparece nos recursos destinados \u00e0s <strong>v\u00edtimas das enchentes no Rio Grande do Sul.<\/strong><\/p>\n<p style=\"text-align: justify;\">J\u00e1 o <strong>Garantia-Safra<\/strong>, voltado a agricultores familiares, consumiu cerca de R$ 780 milh\u00f5es em 2025, menos de 12% do gasto da magistratura.<\/p>\n<p style=\"text-align: justify;\">Somando apenas 2024, os penduricalhos atingiram R$ 10,5 bilh\u00f5es, principalmente com indeniza\u00e7\u00f5es de f\u00e9rias e licen\u00e7as.<\/p>\n<h2 id=\"h-o-custo-do-judiciario\" class=\"wp-block-heading\" style=\"text-align: justify;\">O custo do Judici\u00e1rio<\/h2>\n<p style=\"text-align: justify;\"><strong>&#x1f465;\u00a01. A for\u00e7a de trabalho<br \/>\n<\/strong>O\u00a0relat\u00f3rio\u00a0<strong>Justi\u00e7a<\/strong>\u00a0em N\u00fameros\u00a02024 reporta a exist\u00eancia de cerca de 445 mil profissionais no Judici\u00e1rio, dos quais cerca de 20 mil magistrados e 270 mil servidores.<\/p>\n<p style=\"text-align: justify;\"><strong>&#x1f3db;&#xfe0f;\u00a02. As despesas totais do Judici\u00e1rio<br \/>\n<\/strong>Em\u00a02023, as despesas ultrapassaram R$\u00a0130\u00a0bilh\u00f5es, recorde hist\u00f3rico. Isso representa mais de 1% do PIB, ou cerca de 2,5% das despesas combinadas da Uni\u00e3o, Estados, DF e munic\u00edpios. Nos anos anteriores (2022), o custo foi de quase R$\u00a0115\u00a0bi, algo entre 1,15% a 1,6% do PIB, dependendo da metodologia.<\/p>\n<p style=\"text-align: justify;\"><strong>&#x1f4b0;\u00a03. O gasto com a Justi\u00e7a Eleitoral e o STF<br \/>\n<\/strong>Embora n\u00e3o haja dados de 2024 espec\u00edficos para a Justi\u00e7a Eleitoral, em anos eleitorais, como 2022, seus gastos atingiram quase R$\u00a010\u00a0bilh\u00f5es. O or\u00e7amento do STF permanece entre R$\u00a0700 milh\u00f5es a 800 milh\u00f5es.<\/p>\n<div id=\"hd80s9wa1h892edh8192\" style=\"text-align: justify;\">\n<p><strong>&#x1f4e4;\u00a04. O reajuste de sal\u00e1rios e o efeito cascata<br \/>\n<\/strong>Em 2023, os vencimentos dos ministros do STF subiram de cerca de R$\u00a040 mil para mais de R$\u00a045 mil (cerca de 20% de aumento).<\/p>\n<p><strong>&#x23f3;\u00a05. O tempo de tramita\u00e7\u00e3o e a produtividade<br \/>\n<\/strong>Dados de 2022\/2023 mostram cerca de 85 milh\u00f5es de processos em andamento, com magistrados solucionando em m\u00e9dia 1,7 mil processos por ano (7 casos por dia). O tempo m\u00e9dio de tramita\u00e7\u00e3o na 1\u00aa inst\u00e2ncia foi cerca de 2 anos e 7 meses em 2021.<\/p>\n<p><strong>&#x1f30d;\u00a06. Compara\u00e7\u00e3o com outros pa\u00edses<br \/>\n<\/strong>O Brasil gasta mais de 1% do PIB com a Justi\u00e7a \u2014 bem superior ao Chile, Argentina e Venezuela (inferior a 0,5%), e significativamente mais que Europa (Alemanha 0,4%, Portugal 0,3%, It\u00e1lia 0,19%, Espanha\/Reino Unido 0,1%) e EUA (0,14%).<\/p>\n<figure class=\"wp-block-embed is-type-video is-provider-youtube wp-block-embed-youtube wp-embed-aspect-16-9 wp-has-aspect-ratio\">\n<div class=\"wp-block-embed__wrapper\"><\/div>\n<\/figure>\n<\/div>\n<p style=\"text-align: justify;\"><a href=\"https:\/\/revistaoeste.com\/politica\/penduricalhos-do-judiciario-em-2025-ja-custam-mais-que-5-programas-sociais\/\">Via Revista Oeste<\/a><\/p>\n<p style=\"text-align: justify;\">\n","protected":false},"excerpt":{"rendered":"<p>Os benef\u00edcios extras pagos a ju\u00edzes e desembargadores em 2025 j\u00e1 ultrapassaram os custos de ao menos cinco programas sociais federais que atendem milh\u00f5es de brasileiros. Esses pagamentos, conhecidos como \u201cpenduricalhos\u201d, somaram aproximadamente R$ 7 bilh\u00f5es at\u00e9 maio e beneficiaram os quase 20 mil integrantes da elite da magistratura. Entre 2023 e 2024, esses penduricalhos [&hellip;]<\/p>\n","protected":false},"author":2,"featured_media":201113,"comment_status":"open","ping_status":"open","sticky":false,"template":"","format":"standard","meta":{"_monsterinsights_skip_tracking":false,"_monsterinsights_sitenote_active":false,"_monsterinsights_sitenote_note":"","_monsterinsights_sitenote_category":0},"categories":[6,30260,2528,30259,12],"tags":[32115,43213,3013,7794],"aioseo_notices":[],"_links":{"self":[{"href":"http:\/\/mspontocom.com.br\/site\/wp-json\/wp\/v2\/posts\/201112"}],"collection":[{"href":"http:\/\/mspontocom.com.br\/site\/wp-json\/wp\/v2\/posts"}],"about":[{"href":"http:\/\/mspontocom.com.br\/site\/wp-json\/wp\/v2\/types\/post"}],"author":[{"embeddable":true,"href":"http:\/\/mspontocom.com.br\/site\/wp-json\/wp\/v2\/users\/2"}],"replies":[{"embeddable":true,"href":"http:\/\/mspontocom.com.br\/site\/wp-json\/wp\/v2\/comments?post=201112"}],"version-history":[{"count":1,"href":"http:\/\/mspontocom.com.br\/site\/wp-json\/wp\/v2\/posts\/201112\/revisions"}],"predecessor-version":[{"id":201114,"href":"http:\/\/mspontocom.com.br\/site\/wp-json\/wp\/v2\/posts\/201112\/revisions\/201114"}],"wp:featuredmedia":[{"embeddable":true,"href":"http:\/\/mspontocom.com.br\/site\/wp-json\/wp\/v2\/media\/201113"}],"wp:attachment":[{"href":"http:\/\/mspontocom.com.br\/site\/wp-json\/wp\/v2\/media?parent=201112"}],"wp:term":[{"taxonomy":"category","embeddable":true,"href":"http:\/\/mspontocom.com.br\/site\/wp-json\/wp\/v2\/categories?post=201112"},{"taxonomy":"post_tag","embeddable":true,"href":"http:\/\/mspontocom.com.br\/site\/wp-json\/wp\/v2\/tags?post=201112"}],"curies":[{"name":"wp","href":"https:\/\/api.w.org\/{rel}","templated":true}]}}