{"id":201143,"date":"2025-07-08T05:59:54","date_gmt":"2025-07-08T09:59:54","guid":{"rendered":"https:\/\/mspontocom.com.br\/site\/?p=201143"},"modified":"2025-07-08T05:59:54","modified_gmt":"2025-07-08T09:59:54","slug":"tarcisio-cita-trump-e-diz-que-bolsonaro-deve-ser-julgado-pelo-povo","status":"publish","type":"post","link":"http:\/\/mspontocom.com.br\/site\/tarcisio-cita-trump-e-diz-que-bolsonaro-deve-ser-julgado-pelo-povo\/","title":{"rendered":"Tarc\u00edsio cita Trump e diz que Bolsonaro deve ser julgado pelo povo"},"content":{"rendered":"<p class=\"styles__ParagraphStyled-sc-6adecn-0 kKiXme \" style=\"text-align: justify;\" data-component-name=\"paragraph\"><img loading=\"lazy\" class=\"alignnone size-full wp-image-201155\" src=\"http:\/\/mspontocom.com.br\/site\/wp-content\/uploads\/2025\/07\/site-tarcisio-cita-trump-e-diz-que-bolsonaro-deve-ser-julgado-pelo-povo-tarcisio3.jpg\" alt=\"\" width=\"712\" height=\"370\" srcset=\"http:\/\/mspontocom.com.br\/site\/wp-content\/uploads\/2025\/07\/site-tarcisio-cita-trump-e-diz-que-bolsonaro-deve-ser-julgado-pelo-povo-tarcisio3.jpg 712w, http:\/\/mspontocom.com.br\/site\/wp-content\/uploads\/2025\/07\/site-tarcisio-cita-trump-e-diz-que-bolsonaro-deve-ser-julgado-pelo-povo-tarcisio3-260x135.jpg 260w\" sizes=\"(max-width: 712px) 100vw, 712px\" \/>O governador de S\u00e3o Paulo, <strong>Tarc\u00edsio de Freitas<\/strong> afirmou que o ex-presidente <strong>Jair Bolsonaro,<\/strong> \u00a0\u201cdeve ser julgado somente pelo povo brasileiro, durante as elei\u00e7\u00f5es\u201d.<\/p>\n<div class=\"styles__MultiParagraphAdStyled-sc-1yb8ue6-0 gXPsoJ\" data-component-name=\"multi-paragraph\">\n<div class=\"paragraph\">\n<p style=\"text-align: justify;\">Em publica\u00e7\u00e3o em seu perfil no X (antigo Twitter), o governador compartilhou a nota do presidente <strong>Donald Trump <\/strong>que defendeu Bolsonaro, afirmando que o ex-presidente sofre persegui\u00e7ao e ca\u00e7a \u00e0s bruxas<b>.<\/b><\/p>\n<blockquote><p><em>\u201cCom a palavra, presidente Donald Trump. Jair Bolsonaro deve ser julgado somente pelo povo brasileiro, durante as elei\u00e7\u00f5es. For\u00e7a, presidente!\u201d, escreveu Tarc\u00edsio<\/em><\/p><\/blockquote>\n<p style=\"text-align: justify;\"><a title=\"https:\/\/www.estadao.com.br\/politica\/bolsonaro-diz-que-recebe-com-alegria-defesa-de-donald-trump-nprp\/\" href=\"https:\/\/www.estadao.com.br\/politica\/bolsonaro-diz-que-recebe-com-alegria-defesa-de-donald-trump-nprp\/\" target=\"_blank\" rel=\"noopener noreferrer\"><strong>Bolsonaro afirmou que recebeu a nota de Trump com \u201cmuita alegria\u201d<\/strong><\/a>, e que o presidente americano tamb\u00e9m enfrentou \u201cpersegui\u00e7\u00e3o pol\u00edtica\u201d.<\/p>\n<\/div>\n<\/div>\n","protected":false},"excerpt":{"rendered":"<p>O governador de S\u00e3o Paulo, Tarc\u00edsio de Freitas afirmou que o ex-presidente Jair Bolsonaro, \u00a0\u201cdeve ser julgado somente pelo povo brasileiro, durante as elei\u00e7\u00f5es\u201d. Em publica\u00e7\u00e3o em seu perfil no X (antigo Twitter), o governador compartilhou a nota do presidente Donald Trump que defendeu Bolsonaro, afirmando que o ex-presidente sofre persegui\u00e7ao e ca\u00e7a \u00e0s bruxas. [&hellip;]<\/p>\n","protected":false},"author":2,"featured_media":201155,"comment_status":"open","ping_status":"open","sticky":false,"template":"","format":"standard","meta":{"_monsterinsights_skip_tracking":false,"_monsterinsights_sitenote_active":false,"_monsterinsights_sitenote_note":"","_monsterinsights_sitenote_category":0},"categories":[6,30260,30259,12],"tags":[21017,24743,27815,27063,39029,28326],"aioseo_notices":[],"_links":{"self":[{"href":"http:\/\/mspontocom.com.br\/site\/wp-json\/wp\/v2\/posts\/201143"}],"collection":[{"href":"http:\/\/mspontocom.com.br\/site\/wp-json\/wp\/v2\/posts"}],"about":[{"href":"http:\/\/mspontocom.com.br\/site\/wp-json\/wp\/v2\/types\/post"}],"author":[{"embeddable":true,"href":"http:\/\/mspontocom.com.br\/site\/wp-json\/wp\/v2\/users\/2"}],"replies":[{"embeddable":true,"href":"http:\/\/mspontocom.com.br\/site\/wp-json\/wp\/v2\/comments?post=201143"}],"version-history":[{"count":2,"href":"http:\/\/mspontocom.com.br\/site\/wp-json\/wp\/v2\/posts\/201143\/revisions"}],"predecessor-version":[{"id":201156,"href":"http:\/\/mspontocom.com.br\/site\/wp-json\/wp\/v2\/posts\/201143\/revisions\/201156"}],"wp:featuredmedia":[{"embeddable":true,"href":"http:\/\/mspontocom.com.br\/site\/wp-json\/wp\/v2\/media\/201155"}],"wp:attachment":[{"href":"http:\/\/mspontocom.com.br\/site\/wp-json\/wp\/v2\/media?parent=201143"}],"wp:term":[{"taxonomy":"category","embeddable":true,"href":"http:\/\/mspontocom.com.br\/site\/wp-json\/wp\/v2\/categories?post=201143"},{"taxonomy":"post_tag","embeddable":true,"href":"http:\/\/mspontocom.com.br\/site\/wp-json\/wp\/v2\/tags?post=201143"}],"curies":[{"name":"wp","href":"https:\/\/api.w.org\/{rel}","templated":true}]}}