{"id":201145,"date":"2025-07-08T06:08:07","date_gmt":"2025-07-08T10:08:07","guid":{"rendered":"https:\/\/mspontocom.com.br\/site\/?p=201145"},"modified":"2025-07-08T06:08:07","modified_gmt":"2025-07-08T10:08:07","slug":"ex-ministro-do-stf-detona-moraes-vem-forcando-a-mao","status":"publish","type":"post","link":"http:\/\/mspontocom.com.br\/site\/ex-ministro-do-stf-detona-moraes-vem-forcando-a-mao\/","title":{"rendered":"EX-Ministro do STF detona Moraes: \u2018Vem for\u00e7ando a m\u00e3o\u2019"},"content":{"rendered":"<p style=\"text-align: justify;\"><img loading=\"lazy\" class=\"alignnone size-full wp-image-201157\" src=\"http:\/\/mspontocom.com.br\/site\/wp-content\/uploads\/2025\/07\/site-ex-ministro-do-stf-detona-moraes-vem-forcando-a-mao-marco-aurelio.jpg\" alt=\"\" width=\"768\" height=\"430\" srcset=\"http:\/\/mspontocom.com.br\/site\/wp-content\/uploads\/2025\/07\/site-ex-ministro-do-stf-detona-moraes-vem-forcando-a-mao-marco-aurelio.jpg 768w, http:\/\/mspontocom.com.br\/site\/wp-content\/uploads\/2025\/07\/site-ex-ministro-do-stf-detona-moraes-vem-forcando-a-mao-marco-aurelio-260x146.jpg 260w\" sizes=\"(max-width: 768px) 100vw, 768px\" \/>As decis\u00f5es do ministro <strong>Alexandre de Moraes<\/strong> no STF\u00a0t\u00eam chamado aten\u00e7\u00e3o e gerado cr\u00edticas, especialmente por parte do ex-ministro <strong>Marco Aur\u00e9lio Mello.<\/strong><\/p>\n<p style=\"text-align: justify;\">O magistrado aposentado avaliou que seu ex-colega de Corte ultrapassa os limites em seus julgamentos e pode enfrentar desafios futuros, caso o Senado passe por uma renova\u00e7\u00e3o significativa nas elei\u00e7\u00f5es de 2026.<\/p>\n<p style=\"text-align: justify;\">Na avalia\u00e7\u00e3o de Mello, v\u00e1rias decis\u00f5es de Moraes, incluindo as senten\u00e7as determinadas aos participantes dos atos de<strong> 8 de janeiro de 2023<\/strong>, s\u00e3o excessivas.<\/p>\n<blockquote><p><em>\u201cDevo reconhecer que ele\u00a0[Moraes]\u00a0vem for\u00e7ando a m\u00e3o, e isso, evidentemente, \u00e9 muito ruim\u201d, disse o ex-ministro do STF durante entrevista ao programa\u00a0Caf\u00e9 com a Gazeta do Povo.<\/em><\/p><\/blockquote>\n<p style=\"text-align: justify;\">Marco Aur\u00e9lio Mello apontou mudan\u00e7a recente na postura do ministro, com sinais de ativismo judicial.<\/p>\n<p style=\"text-align: justify;\">Segundo o magistrado aposentado, essa conduta prejudica tanto o STF quanto a harmonia entre os demais Poderes da Rep\u00fablica.<\/p>\n<h2 id=\"h-marco-aurelio-mello-nao-queria-estar-na-pele-de-moraes\" class=\"wp-block-heading\" style=\"text-align: justify;\">Marco Aur\u00e9lio Mello n\u00e3o queria estar na pele de Moraes<\/h2>\n<div id=\"hd80s9wa1h892edh8192\" style=\"text-align: justify;\">\n<p>Apesar de Moraes ter negado esse ativismo judicial na semana passada durante o F\u00f3rum de Lisboa, evento conhecido como \u201cGilmarpalooza\u201d, Mello acredita que a postura do ministro pode ser vista de forma negativa.<\/p>\n<p>Neste sentido, destacou que isso pode ocorrer especialmente depois das elei\u00e7\u00f5es do pr\u00f3ximo ano, quando se preveem mudan\u00e7as no Senado.<\/p>\n<blockquote><p><em>\u201cAs quest\u00f5es do Supremo precisam ser resolvidas internamente, pelo colegiado maior\u201d, disse Mello. Eu n\u00e3o queria, evidentemente, se tivermos uma renova\u00e7\u00e3o maior do Senado, estar na pele do ministro Alexandre de Moraes.\u201d<\/em><\/p><\/blockquote>\n<figure class=\"wp-block-embed is-type-video is-provider-youtube wp-block-embed-youtube wp-embed-aspect-16-9 wp-has-aspect-ratio\">\n<div class=\"wp-block-embed__wrapper\"><\/div>\n<\/figure>\n<\/div>\n<p style=\"text-align: justify;\"><a href=\"https:\/\/revistaoeste.com\/politica\/marco-aurelio-mello-critica-moraes-vem-forcando-a-mao\/\">Via Revista Oeste<\/a><\/p>\n","protected":false},"excerpt":{"rendered":"<p>As decis\u00f5es do ministro Alexandre de Moraes no STF\u00a0t\u00eam chamado aten\u00e7\u00e3o e gerado cr\u00edticas, especialmente por parte do ex-ministro Marco Aur\u00e9lio Mello. O magistrado aposentado avaliou que seu ex-colega de Corte ultrapassa os limites em seus julgamentos e pode enfrentar desafios futuros, caso o Senado passe por uma renova\u00e7\u00e3o significativa nas elei\u00e7\u00f5es de 2026. Na [&hellip;]<\/p>\n","protected":false},"author":2,"featured_media":201157,"comment_status":"open","ping_status":"open","sticky":false,"template":"","format":"standard","meta":{"_monsterinsights_skip_tracking":false,"_monsterinsights_sitenote_active":false,"_monsterinsights_sitenote_note":"","_monsterinsights_sitenote_category":0},"categories":[6,30260,2528,30259,12],"tags":[7076,23663,43222,7910,35247,3014],"aioseo_notices":[],"_links":{"self":[{"href":"http:\/\/mspontocom.com.br\/site\/wp-json\/wp\/v2\/posts\/201145"}],"collection":[{"href":"http:\/\/mspontocom.com.br\/site\/wp-json\/wp\/v2\/posts"}],"about":[{"href":"http:\/\/mspontocom.com.br\/site\/wp-json\/wp\/v2\/types\/post"}],"author":[{"embeddable":true,"href":"http:\/\/mspontocom.com.br\/site\/wp-json\/wp\/v2\/users\/2"}],"replies":[{"embeddable":true,"href":"http:\/\/mspontocom.com.br\/site\/wp-json\/wp\/v2\/comments?post=201145"}],"version-history":[{"count":3,"href":"http:\/\/mspontocom.com.br\/site\/wp-json\/wp\/v2\/posts\/201145\/revisions"}],"predecessor-version":[{"id":201159,"href":"http:\/\/mspontocom.com.br\/site\/wp-json\/wp\/v2\/posts\/201145\/revisions\/201159"}],"wp:featuredmedia":[{"embeddable":true,"href":"http:\/\/mspontocom.com.br\/site\/wp-json\/wp\/v2\/media\/201157"}],"wp:attachment":[{"href":"http:\/\/mspontocom.com.br\/site\/wp-json\/wp\/v2\/media?parent=201145"}],"wp:term":[{"taxonomy":"category","embeddable":true,"href":"http:\/\/mspontocom.com.br\/site\/wp-json\/wp\/v2\/categories?post=201145"},{"taxonomy":"post_tag","embeddable":true,"href":"http:\/\/mspontocom.com.br\/site\/wp-json\/wp\/v2\/tags?post=201145"}],"curies":[{"name":"wp","href":"https:\/\/api.w.org\/{rel}","templated":true}]}}