{"id":201228,"date":"2025-07-10T05:54:14","date_gmt":"2025-07-10T09:54:14","guid":{"rendered":"https:\/\/mspontocom.com.br\/site\/?p=201228"},"modified":"2025-07-10T05:54:14","modified_gmt":"2025-07-10T09:54:14","slug":"lula-quer-taxar-os-ricos-mas-teve-r-18-milhoes-em-impostos-perdoados","status":"publish","type":"post","link":"http:\/\/mspontocom.com.br\/site\/lula-quer-taxar-os-ricos-mas-teve-r-18-milhoes-em-impostos-perdoados\/","title":{"rendered":"Lula quer taxar os ricos, mas teve R$ 18 milh\u00f5es em impostos perdoados"},"content":{"rendered":"<p style=\"text-align: justify;\"><img loading=\"lazy\" class=\"alignnone size-full wp-image-201237\" src=\"http:\/\/mspontocom.com.br\/site\/wp-content\/uploads\/2025\/07\/site-lula-quer-taxar-os-ricos-mas-teve-r-18-milhoes-em-impostos-perdoados-lula-rindo.jpeg\" alt=\"\" width=\"600\" height=\"298\" srcset=\"http:\/\/mspontocom.com.br\/site\/wp-content\/uploads\/2025\/07\/site-lula-quer-taxar-os-ricos-mas-teve-r-18-milhoes-em-impostos-perdoados-lula-rindo.jpeg 600w, http:\/\/mspontocom.com.br\/site\/wp-content\/uploads\/2025\/07\/site-lula-quer-taxar-os-ricos-mas-teve-r-18-milhoes-em-impostos-perdoados-lula-rindo-260x129.jpeg 260w\" sizes=\"(max-width: 600px) 100vw, 600px\" \/>Enquanto trava uma batalha contra os super-ricos \u2013 de quem pretende aumentar a taxa\u00e7\u00e3o -, o presidente<strong> Lula<\/strong> parece n\u00e3o lembrar que as cifras que envolvem seu nome tamb\u00e9m trazem quantias vultosas, na <strong>casa dos milh\u00f5es.<\/strong><\/p>\n<p style=\"text-align: justify;\">Uma delas, por sinal, decorre da anula\u00e7\u00e3o, pelo STF, de uma <strong>cobran\u00e7a de R$ 18 milh\u00f5es<\/strong> feita pela Procuradoria-Geral da Fazenda Nacional (PGFN).<\/p>\n<p style=\"text-align: justify;\">O caso em quest\u00e3o decorreu, inicialmente, de uma acusa\u00e7\u00e3o da PGFN, que sustentava que havia ind\u00edcios de confus\u00e3o patrimonial entre o petista e o Instituto Lula ap\u00f3s o fim de seu mandato.<\/p>\n<p style=\"text-align: justify;\">Segundo a <strong>Receita Federal<\/strong>, a estrutura da entidade teria sido usada para fins distintos daqueles previstos em seu estatuto, o que teria gerado, ent\u00e3o, um d\u00e9bito tribut\u00e1rio.<\/p>\n<p style=\"text-align: justify;\">A defesa de Lula, por sua vez, contestou a acusa\u00e7\u00e3o e disse que ela se baseava em provas consideradas il\u00edcitas, uma vez que foram obtidas a partir de decis\u00f5es anuladas pela Suprema Corte.<\/p>\n<p style=\"text-align: justify;\">A PGFN alegou que as decis\u00f5es do STF <strong>n\u00e3o absolveram Lula,<\/strong> pois foram de natureza processual.<\/p>\n<p style=\"text-align: justify;\">Em 2022, o Tribunal Regional Federal da 3\u00aa Regi\u00e3o (TRF-3) acolheu em parte os argumentos da PGFN, o que fez a defesa de Lula acionar o STF.<\/p>\n<p style=\"text-align: justify;\">O ministro Gilmar Mendes, respons\u00e1vel pelo caso na Suprema Corte, atendeu ao pedido dos advogados do petista e <strong>suspendeu,<\/strong> em setembro de 2022, a a\u00e7\u00e3o sobre a cobran\u00e7a contra o hoje presidente.<\/p>\n<p style=\"text-align: justify;\">Meses depois, j\u00e1 em 2023, durante o governo Lula, a decis\u00e3o foi confirmada, com o STF decretando a exclus\u00e3o das provas que embasaram a cobran\u00e7a contra o petista e ordenando a libera\u00e7\u00e3o de valores bloqueados.<\/p>\n<p style=\"text-align: justify;\"><strong>Diante disso, o TRF-3 decretou o fim do processo original.<\/strong><\/p>\n<section class=\"content\">&nbsp;<\/p>\n<div id=\"r89-desktop-incontent-1-wrapper\">\n<div>\n<div id=\"r89-desktop-incontent-1\" data-google-query-id=\"CMra_tT7sY4DFZs5uQYdTZ8SaQ\">\n<div id=\"google_ads_iframe_\/15748617,313657129\/Plenonews\/Plenonews-Desktop-InContent_1__container__\"><\/div>\n<\/div>\n<\/div>\n<\/div>\n<div class=\"siga-redes\"><\/div>\n<\/section>\n<aside class=\"aside \">\n<div id=\"sticky-wrapper\" class=\"sticky-wrapper is-sticky\">\n<div class=\"ad ad-sticky hidden-xs\">\n<div id=\"r89-desktop-hpa-atf-0-wrapper\">\n<div>\n<div id=\"r89-desktop-hpa-atf-0\" style=\"text-align: justify;\" data-google-query-id=\"CL3UrPH7sY4DFdlV3QIdHhERcA\"><\/div>\n<\/div>\n<\/div>\n<\/div>\n<\/div>\n<\/aside>\n","protected":false},"excerpt":{"rendered":"<p>Enquanto trava uma batalha contra os super-ricos \u2013 de quem pretende aumentar a taxa\u00e7\u00e3o -, o presidente Lula parece n\u00e3o lembrar que as cifras que envolvem seu nome tamb\u00e9m trazem quantias vultosas, na casa dos milh\u00f5es. Uma delas, por sinal, decorre da anula\u00e7\u00e3o, pelo STF, de uma cobran\u00e7a de R$ 18 milh\u00f5es feita pela Procuradoria-Geral [&hellip;]<\/p>\n","protected":false},"author":2,"featured_media":201237,"comment_status":"open","ping_status":"open","sticky":false,"template":"","format":"standard","meta":{"_monsterinsights_skip_tracking":false,"_monsterinsights_sitenote_active":false,"_monsterinsights_sitenote_note":"","_monsterinsights_sitenote_category":0},"categories":[6,30260,15,30259,12],"tags":[43234,43235,480,17872,38721],"aioseo_notices":[],"_links":{"self":[{"href":"http:\/\/mspontocom.com.br\/site\/wp-json\/wp\/v2\/posts\/201228"}],"collection":[{"href":"http:\/\/mspontocom.com.br\/site\/wp-json\/wp\/v2\/posts"}],"about":[{"href":"http:\/\/mspontocom.com.br\/site\/wp-json\/wp\/v2\/types\/post"}],"author":[{"embeddable":true,"href":"http:\/\/mspontocom.com.br\/site\/wp-json\/wp\/v2\/users\/2"}],"replies":[{"embeddable":true,"href":"http:\/\/mspontocom.com.br\/site\/wp-json\/wp\/v2\/comments?post=201228"}],"version-history":[{"count":2,"href":"http:\/\/mspontocom.com.br\/site\/wp-json\/wp\/v2\/posts\/201228\/revisions"}],"predecessor-version":[{"id":201238,"href":"http:\/\/mspontocom.com.br\/site\/wp-json\/wp\/v2\/posts\/201228\/revisions\/201238"}],"wp:featuredmedia":[{"embeddable":true,"href":"http:\/\/mspontocom.com.br\/site\/wp-json\/wp\/v2\/media\/201237"}],"wp:attachment":[{"href":"http:\/\/mspontocom.com.br\/site\/wp-json\/wp\/v2\/media?parent=201228"}],"wp:term":[{"taxonomy":"category","embeddable":true,"href":"http:\/\/mspontocom.com.br\/site\/wp-json\/wp\/v2\/categories?post=201228"},{"taxonomy":"post_tag","embeddable":true,"href":"http:\/\/mspontocom.com.br\/site\/wp-json\/wp\/v2\/tags?post=201228"}],"curies":[{"name":"wp","href":"https:\/\/api.w.org\/{rel}","templated":true}]}}