{"id":201233,"date":"2025-07-10T06:02:29","date_gmt":"2025-07-10T10:02:29","guid":{"rendered":"https:\/\/mspontocom.com.br\/site\/?p=201233"},"modified":"2025-07-10T06:02:29","modified_gmt":"2025-07-10T10:02:29","slug":"judiciario-e-apontado-como-maior-ameaca-a-democracia-diz-pesquisa-atlasintel","status":"publish","type":"post","link":"http:\/\/mspontocom.com.br\/site\/judiciario-e-apontado-como-maior-ameaca-a-democracia-diz-pesquisa-atlasintel\/","title":{"rendered":"Judici\u00e1rio \u00e9 apontado como maior amea\u00e7a \u00e0 democracia, diz pesquisa AtlasIntel"},"content":{"rendered":"<p style=\"text-align: justify;\"><img loading=\"lazy\" class=\"alignnone size-full wp-image-201239\" src=\"http:\/\/mspontocom.com.br\/site\/wp-content\/uploads\/2025\/07\/site-stf2-stf2-e1752141604294.jpg\" alt=\"\" width=\"1507\" height=\"1027\" srcset=\"http:\/\/mspontocom.com.br\/site\/wp-content\/uploads\/2025\/07\/site-stf2-stf2-e1752141604294.jpg 1507w, http:\/\/mspontocom.com.br\/site\/wp-content\/uploads\/2025\/07\/site-stf2-stf2-e1752141604294-260x177.jpg 260w, http:\/\/mspontocom.com.br\/site\/wp-content\/uploads\/2025\/07\/site-stf2-stf2-e1752141604294-1024x698.jpg 1024w, http:\/\/mspontocom.com.br\/site\/wp-content\/uploads\/2025\/07\/site-stf2-stf2-e1752141604294-768x523.jpg 768w\" sizes=\"(max-width: 1507px) 100vw, 1507px\" \/>Segundo levantamento da\u00a0AtlasIntel\/Bloomberg, divulgado nesta quarta- feira, <strong>o Judici\u00e1rio brasileiro \u00e9 visto como a maior amea\u00e7a \u00e0 democracia<\/strong>\u00a0por 42,8% dos entrevistados.<\/p>\n<p style=\"text-align: justify;\">A pesquisa apresentou dez op\u00e7\u00f5es de amea\u00e7a aos eleitores, sendo o\u00a0Supremo Tribunal Federal<strong> (STF)<\/strong> o foco principal das cr\u00edticas.<\/p>\n<div class=\"cs-wrapper\" style=\"text-align: justify;\">\n<div id=\"page\" class=\"cs-site\">\n<div class=\"cs-site-inner\">\n<div class=\"cs-site-content cs-sidebar-enabled cs-sidebar-right\">\n<div class=\"cs-container\">\n<div id=\"content\" class=\"cs-main-content\">\n<div id=\"primary\" class=\"cs-content-area\">\n<div class=\"cs-entry__wrap\">\n<div class=\"cs-entry__container\">\n<div class=\"cs-entry__content-wrap\">\n<div class=\"entry-content\">\n<p>A percep\u00e7\u00e3o dos brasileiros vai na\u00a0<strong>contram\u00e3o do discurso dos ministros da Suprema Corte<\/strong>, que costumam justificar suas decis\u00f5es como\u00a0defesa das institui\u00e7\u00f5es democr\u00e1ticas.<\/p>\n<p>O\u00a0<strong>ministro Alexandre de Moraes<\/strong>, frequentemente citado nas manchetes, \u00e9 um dos nomes centrais nesse debate.<\/p>\n<h3 id=\"h-lula-e-a-dependencia-da-corte\" class=\"wp-block-heading\"><span style=\"font-size: 18pt;\">Lula e a depend\u00eancia da Corte<\/span><\/h3>\n<p>O presidente Lula, cuja\u00a0<strong>liberdade foi garantida por decis\u00e3o do ministro Edson Fachin<\/strong>, assumiu um terceiro mandato ap\u00f3s uma elei\u00e7\u00e3o\u00a0contestada e marcada por tens\u00f5es.<\/p>\n<p>Recentemente, Lula declarou que\u00a0<strong>\u201cse n\u00e3o recorrer \u00e0 Suprema Corte, n\u00e3o consegue governar\u201d<\/strong>, o que acentuou a sensa\u00e7\u00e3o de\u00a0crise institucional\u00a0e\u00a0sobreposi\u00e7\u00e3o do STF sobre os demais Poderes.<\/p>\n<h3 id=\"h-ranking-das-ameacas-a-democracia\" class=\"wp-block-heading\"><span style=\"font-size: 18pt;\">Ranking das amea\u00e7as \u00e0 democracia<\/span><\/h3>\n<p>Ap\u00f3s o Judici\u00e1rio, os brasileiros apontaram:<\/p>\n<ul class=\"wp-block-list\">\n<li><strong>Governo federal<\/strong>: 38,8%<\/li>\n<li><strong>Congresso Nacional<\/strong>: 28,9%<\/li>\n<li><strong>Elite econ\u00f4mica<\/strong>: 25%<\/li>\n<li><strong>Oposi\u00e7\u00e3o<\/strong>: 24,4%<\/li>\n<li><strong>Crime organizado<\/strong>: 11,9%<\/li>\n<li><strong>M\u00eddia (imprensa)<\/strong>: 9,7%<\/li>\n<li><strong>For\u00e7as Armadas<\/strong>: 5,1%<\/li>\n<li><strong>Pot\u00eancias estrangeiras<\/strong>: 3,4%<\/li>\n<li><strong>Movimentos sociais<\/strong>: 0,6%<\/li>\n<\/ul>\n<p>A pesquisa foi realizada entre\u00a027 e 30 de junho, com\u00a02.621 eleitores.<\/p>\n<div id=\"folha-4049044849\" class=\"folha-abaixo_post_mgmidia_1\">\n<div data-type=\"_mgwidget\" data-widget-id=\"1648874\" data-src-id=\"${PUBLISHER_ID}\" data-uid=\"110ad\">\n<div id=\"mgw1648874_110ad\">\n<div>\n<div class=\"mgbox\">\n<div class=\"mgheader\"><\/div>\n<div id=\"81626c17-5d70-11f0-93b2-d404e6f9f440\" class=\"mgline teaser-22828303 type-w\" data-i=\"3UHKLX78Ac75fnAucdmN4m2x3_c7g-Ko9bel4NavvRu5OqJ03SDH22aHRUsw1QyITFjC5f-VZlWmMAfWgJINzIYRRlAewr02lnqEThrkRB4*\" data-observing-start=\"0\" data-observing-time=\"0\">\n<div class=\"image-with-text\">\n<div class=\"mcimg\"><\/div>\n<\/div>\n<\/div>\n<\/div>\n<\/div>\n<\/div>\n<\/div>\n<\/div>\n<\/div>\n<\/div>\n<\/div>\n<\/div>\n<\/div>\n<\/div>\n<\/div>\n<\/div>\n<p>&nbsp;<\/p>\n<\/div>\n<\/div>\n<\/div>\n<div style=\"text-align: justify;\"><\/div>\n","protected":false},"excerpt":{"rendered":"<p>Segundo levantamento da\u00a0AtlasIntel\/Bloomberg, divulgado nesta quarta- feira, o Judici\u00e1rio brasileiro \u00e9 visto como a maior amea\u00e7a \u00e0 democracia\u00a0por 42,8% dos entrevistados. A pesquisa apresentou dez op\u00e7\u00f5es de amea\u00e7a aos eleitores, sendo o\u00a0Supremo Tribunal Federal (STF) o foco principal das cr\u00edticas. A percep\u00e7\u00e3o dos brasileiros vai na\u00a0contram\u00e3o do discurso dos ministros da Suprema Corte, que costumam [&hellip;]<\/p>\n","protected":false},"author":2,"featured_media":201239,"comment_status":"open","ping_status":"open","sticky":false,"template":"","format":"standard","meta":{"_monsterinsights_skip_tracking":false,"_monsterinsights_sitenote_active":false,"_monsterinsights_sitenote_note":"","_monsterinsights_sitenote_category":0},"categories":[6,30260,2528,30259,12],"tags":[42579,129,3013,43236,733],"aioseo_notices":[],"_links":{"self":[{"href":"http:\/\/mspontocom.com.br\/site\/wp-json\/wp\/v2\/posts\/201233"}],"collection":[{"href":"http:\/\/mspontocom.com.br\/site\/wp-json\/wp\/v2\/posts"}],"about":[{"href":"http:\/\/mspontocom.com.br\/site\/wp-json\/wp\/v2\/types\/post"}],"author":[{"embeddable":true,"href":"http:\/\/mspontocom.com.br\/site\/wp-json\/wp\/v2\/users\/2"}],"replies":[{"embeddable":true,"href":"http:\/\/mspontocom.com.br\/site\/wp-json\/wp\/v2\/comments?post=201233"}],"version-history":[{"count":2,"href":"http:\/\/mspontocom.com.br\/site\/wp-json\/wp\/v2\/posts\/201233\/revisions"}],"predecessor-version":[{"id":201240,"href":"http:\/\/mspontocom.com.br\/site\/wp-json\/wp\/v2\/posts\/201233\/revisions\/201240"}],"wp:featuredmedia":[{"embeddable":true,"href":"http:\/\/mspontocom.com.br\/site\/wp-json\/wp\/v2\/media\/201239"}],"wp:attachment":[{"href":"http:\/\/mspontocom.com.br\/site\/wp-json\/wp\/v2\/media?parent=201233"}],"wp:term":[{"taxonomy":"category","embeddable":true,"href":"http:\/\/mspontocom.com.br\/site\/wp-json\/wp\/v2\/categories?post=201233"},{"taxonomy":"post_tag","embeddable":true,"href":"http:\/\/mspontocom.com.br\/site\/wp-json\/wp\/v2\/tags?post=201233"}],"curies":[{"name":"wp","href":"https:\/\/api.w.org\/{rel}","templated":true}]}}