{"id":201266,"date":"2025-07-11T06:47:22","date_gmt":"2025-07-11T10:47:22","guid":{"rendered":"https:\/\/mspontocom.com.br\/site\/?p=201266"},"modified":"2025-07-11T06:47:22","modified_gmt":"2025-07-11T10:47:22","slug":"100-lula-provoca-trump-desde-antes-da-posse","status":"publish","type":"post","link":"http:\/\/mspontocom.com.br\/site\/100-lula-provoca-trump-desde-antes-da-posse\/","title":{"rendered":"100%:  Lula provoca Trump desde antes da posse"},"content":{"rendered":"<p style=\"text-align: justify;\"><img loading=\"lazy\" class=\"alignnone size-full wp-image-201271\" src=\"http:\/\/mspontocom.com.br\/site\/wp-content\/uploads\/2025\/07\/site-100-lula-provoca-trump-desde-antes-da-posse-lula-trump-1024x576-1.jpg\" alt=\"\" width=\"1024\" height=\"576\" srcset=\"http:\/\/mspontocom.com.br\/site\/wp-content\/uploads\/2025\/07\/site-100-lula-provoca-trump-desde-antes-da-posse-lula-trump-1024x576-1.jpg 1024w, http:\/\/mspontocom.com.br\/site\/wp-content\/uploads\/2025\/07\/site-100-lula-provoca-trump-desde-antes-da-posse-lula-trump-1024x576-1-260x146.jpg 260w, http:\/\/mspontocom.com.br\/site\/wp-content\/uploads\/2025\/07\/site-100-lula-provoca-trump-desde-antes-da-posse-lula-trump-1024x576-1-768x432.jpg 768w\" sizes=\"(max-width: 1024px) 100vw, 1024px\" \/>S\u00e3o tantos exemplos de ataques de <strong>Lula contra Donald Trump<\/strong>, al\u00e9m do reiterado apoio a inimigos dos EUA, que 50% de tarifa n\u00e3o surpreende.<\/p>\n<p style=\"text-align: justify;\">O petista apoiou Kamala Harris na elei\u00e7\u00e3o americana e comparou a vit\u00f3ria de Trump \u00e0 volta do nazismo.<\/p>\n<p style=\"text-align: justify;\">Al\u00e9m dos ataques ideol\u00f3gicos, Lula virou porta-voz da \u201cdesdolariza\u00e7\u00e3o\u201d e da amplia\u00e7\u00e3o dos Brics, que agora tem Cuba como \u201cparceiro\u201d e passou a incluir o Ir\u00e3, pa\u00eds que recebeu apoio do petista logo ap\u00f3s ser bombardeado pelos EUA.<\/p>\n<div id=\"Nota-7\" class=\"entry-block ch-nota Nota-7\" style=\"text-align: justify;\">\n<h3>Contra americanos<\/h3>\n<\/div>\n<p style=\"text-align: justify;\">Lula ganhou antipatia de Volodymyr Zelensky ainda no governo Biden, ap\u00f3s o petista criticar a \u201cfase do vou ganhar\u201d do ucraniano, em 2023.<\/p>\n<div id=\"Nota-8\" class=\"entry-block ch-nota Nota-8\" style=\"text-align: justify;\">\n<h3>Sem\u00e2ntica raivosa<\/h3>\n<\/div>\n<p style=\"text-align: justify;\">Lula se recusa a chamar de terrorista o Hamas, autor do massacre em Israel, outro aliado dos EUA que Lula ataca e onde \u00e9 persona non grata<\/p>\n<div id=\"Nota-9\" class=\"entry-block ch-nota Nota-9\" style=\"text-align: justify;\">\n<h3>Para a R\u00fassia, com&#8230;<\/h3>\n<\/div>\n<p style=\"text-align: justify;\">Chegou ao ponto de o governo brasileiro exibir v\u00eddeo na reuni\u00e3o dos Brics, no Rio, que mostra territ\u00f3rios da Ucr\u00e2nia como territ\u00f3rios russos.<\/p>\n<p style=\"text-align: justify;\">\n<p style=\"text-align: justify;\">fonte: Coluna Claudio Humberto, Di\u00e1rio do Poder<\/p>\n<p>foto: Ag\u00eancia Brasil<\/p>\n","protected":false},"excerpt":{"rendered":"<p>S\u00e3o tantos exemplos de ataques de Lula contra Donald Trump, al\u00e9m do reiterado apoio a inimigos dos EUA, que 50% de tarifa n\u00e3o surpreende. O petista apoiou Kamala Harris na elei\u00e7\u00e3o americana e comparou a vit\u00f3ria de Trump \u00e0 volta do nazismo. Al\u00e9m dos ataques ideol\u00f3gicos, Lula virou porta-voz da \u201cdesdolariza\u00e7\u00e3o\u201d e da amplia\u00e7\u00e3o dos [&hellip;]<\/p>\n","protected":false},"author":2,"featured_media":201271,"comment_status":"open","ping_status":"open","sticky":false,"template":"","format":"standard","meta":{"_monsterinsights_skip_tracking":false,"_monsterinsights_sitenote_active":false,"_monsterinsights_sitenote_note":"","_monsterinsights_sitenote_category":0},"categories":[6,30260,30259,12],"tags":[35266,480,572,28326],"aioseo_notices":[],"_links":{"self":[{"href":"http:\/\/mspontocom.com.br\/site\/wp-json\/wp\/v2\/posts\/201266"}],"collection":[{"href":"http:\/\/mspontocom.com.br\/site\/wp-json\/wp\/v2\/posts"}],"about":[{"href":"http:\/\/mspontocom.com.br\/site\/wp-json\/wp\/v2\/types\/post"}],"author":[{"embeddable":true,"href":"http:\/\/mspontocom.com.br\/site\/wp-json\/wp\/v2\/users\/2"}],"replies":[{"embeddable":true,"href":"http:\/\/mspontocom.com.br\/site\/wp-json\/wp\/v2\/comments?post=201266"}],"version-history":[{"count":2,"href":"http:\/\/mspontocom.com.br\/site\/wp-json\/wp\/v2\/posts\/201266\/revisions"}],"predecessor-version":[{"id":201272,"href":"http:\/\/mspontocom.com.br\/site\/wp-json\/wp\/v2\/posts\/201266\/revisions\/201272"}],"wp:featuredmedia":[{"embeddable":true,"href":"http:\/\/mspontocom.com.br\/site\/wp-json\/wp\/v2\/media\/201271"}],"wp:attachment":[{"href":"http:\/\/mspontocom.com.br\/site\/wp-json\/wp\/v2\/media?parent=201266"}],"wp:term":[{"taxonomy":"category","embeddable":true,"href":"http:\/\/mspontocom.com.br\/site\/wp-json\/wp\/v2\/categories?post=201266"},{"taxonomy":"post_tag","embeddable":true,"href":"http:\/\/mspontocom.com.br\/site\/wp-json\/wp\/v2\/tags?post=201266"}],"curies":[{"name":"wp","href":"https:\/\/api.w.org\/{rel}","templated":true}]}}