{"id":201268,"date":"2025-07-11T06:41:13","date_gmt":"2025-07-11T10:41:13","guid":{"rendered":"https:\/\/mspontocom.com.br\/site\/?p=201268"},"modified":"2025-07-11T06:41:13","modified_gmt":"2025-07-11T10:41:13","slug":"enfraquecido-lula-tenta-culpar-bolsonaro-por-tarifaco-de-trump","status":"publish","type":"post","link":"http:\/\/mspontocom.com.br\/site\/enfraquecido-lula-tenta-culpar-bolsonaro-por-tarifaco-de-trump\/","title":{"rendered":"Enfraquecido, Lula tenta culpar Bolsonaro por tarifa\u00e7o de Trump"},"content":{"rendered":"<p style=\"text-align: justify;\"><img loading=\"lazy\" class=\"alignnone size-full wp-image-201269\" src=\"http:\/\/mspontocom.com.br\/site\/wp-content\/uploads\/2025\/07\/site-enfraquecido-lula-tenta-culpar-bolsonaro-por-tarifaco-de-trump-bolso-trump-lula.jpg\" alt=\"\" width=\"686\" height=\"386\" srcset=\"http:\/\/mspontocom.com.br\/site\/wp-content\/uploads\/2025\/07\/site-enfraquecido-lula-tenta-culpar-bolsonaro-por-tarifaco-de-trump-bolso-trump-lula.jpg 686w, http:\/\/mspontocom.com.br\/site\/wp-content\/uploads\/2025\/07\/site-enfraquecido-lula-tenta-culpar-bolsonaro-por-tarifaco-de-trump-bolso-trump-lula-260x146.jpg 260w\" sizes=\"(max-width: 686px) 100vw, 686px\" \/>O presidente Lula\u00a0se preparar\u00e1 para falar ao pa\u00eds em cadeia nacional de r\u00e1dio e televis\u00e3o com o objetivo de responder \u00e0 decis\u00e3o do presidente dos Estados Unidos,\u00a0<strong>Donald Trump<\/strong>\u00a0de aplicar uma tarifa de 50% sobre os\u00a0produtos brasileiros<\/p>\n<p style=\"text-align: justify;\">De acordo com fontes do\u00a0Pal\u00e1cio do Planalto, o discurso est\u00e1 sendo finalizado em conjunto com o\u00a0secret\u00e1rio de Comunica\u00e7\u00e3o Social da Presid\u00eancia\u00a0em hor\u00e1rio ainda indefinido.<\/p>\n<h3 id=\"h-tom-firme-e-reafirmacao-da-soberania-nacional\" class=\"wp-block-heading\" style=\"text-align: justify;\"><span style=\"font-size: 18pt;\">Tom firme e culpando Bolsonaro<\/span><\/h3>\n<p style=\"text-align: justify;\">Interlocutores do governo adiantam que Lula dever\u00e1 adotar um tom direto e contundente, <strong>culpando Bolsonaro e a Direita<\/strong> pela taxa\u00e7\u00e3o, semelhante \u00e0 nota publicada em suas redes sociais.<\/p>\n<p style=\"text-align: justify;\">Al\u00e9m disso, o pronunciamento deve refor\u00e7ar que o julgamento do\u00a0ex-presidente Jair Bolsonaro, r\u00e9u no <strong>STF <\/strong>\u00e9 uma compet\u00eancia exclusiva do\u00a0Poder Judici\u00e1rio brasileiro.<\/p>\n<p style=\"text-align: justify;\">Essa resposta \u00e9 uma rea\u00e7\u00e3o \u00e0 recente declara\u00e7\u00e3o de Trump, que pediu publicamente o\u00a0<strong>arquivamento do processo<\/strong>\u00a0e o classificou como <strong>\u201cvergonha internacional\u201d.<\/strong><\/p>\n","protected":false},"excerpt":{"rendered":"<p>O presidente Lula\u00a0se preparar\u00e1 para falar ao pa\u00eds em cadeia nacional de r\u00e1dio e televis\u00e3o com o objetivo de responder \u00e0 decis\u00e3o do presidente dos Estados Unidos,\u00a0Donald Trump\u00a0de aplicar uma tarifa de 50% sobre os\u00a0produtos brasileiros De acordo com fontes do\u00a0Pal\u00e1cio do Planalto, o discurso est\u00e1 sendo finalizado em conjunto com o\u00a0secret\u00e1rio de Comunica\u00e7\u00e3o Social [&hellip;]<\/p>\n","protected":false},"author":2,"featured_media":201269,"comment_status":"open","ping_status":"open","sticky":false,"template":"","format":"standard","meta":{"_monsterinsights_skip_tracking":false,"_monsterinsights_sitenote_active":false,"_monsterinsights_sitenote_note":"","_monsterinsights_sitenote_category":0},"categories":[6,30260,15,30259,12],"tags":[21017,43243,480,25548,28326],"aioseo_notices":[],"_links":{"self":[{"href":"http:\/\/mspontocom.com.br\/site\/wp-json\/wp\/v2\/posts\/201268"}],"collection":[{"href":"http:\/\/mspontocom.com.br\/site\/wp-json\/wp\/v2\/posts"}],"about":[{"href":"http:\/\/mspontocom.com.br\/site\/wp-json\/wp\/v2\/types\/post"}],"author":[{"embeddable":true,"href":"http:\/\/mspontocom.com.br\/site\/wp-json\/wp\/v2\/users\/2"}],"replies":[{"embeddable":true,"href":"http:\/\/mspontocom.com.br\/site\/wp-json\/wp\/v2\/comments?post=201268"}],"version-history":[{"count":1,"href":"http:\/\/mspontocom.com.br\/site\/wp-json\/wp\/v2\/posts\/201268\/revisions"}],"predecessor-version":[{"id":201270,"href":"http:\/\/mspontocom.com.br\/site\/wp-json\/wp\/v2\/posts\/201268\/revisions\/201270"}],"wp:featuredmedia":[{"embeddable":true,"href":"http:\/\/mspontocom.com.br\/site\/wp-json\/wp\/v2\/media\/201269"}],"wp:attachment":[{"href":"http:\/\/mspontocom.com.br\/site\/wp-json\/wp\/v2\/media?parent=201268"}],"wp:term":[{"taxonomy":"category","embeddable":true,"href":"http:\/\/mspontocom.com.br\/site\/wp-json\/wp\/v2\/categories?post=201268"},{"taxonomy":"post_tag","embeddable":true,"href":"http:\/\/mspontocom.com.br\/site\/wp-json\/wp\/v2\/tags?post=201268"}],"curies":[{"name":"wp","href":"https:\/\/api.w.org\/{rel}","templated":true}]}}