{"id":201299,"date":"2025-07-12T06:43:19","date_gmt":"2025-07-12T10:43:19","guid":{"rendered":"https:\/\/mspontocom.com.br\/site\/?p=201299"},"modified":"2025-07-12T07:06:07","modified_gmt":"2025-07-12T11:06:07","slug":"bolsonaro-afunda-lula-ladrao-e-voce-e-de-novo-comigo-na-sua-boca","status":"publish","type":"post","link":"http:\/\/mspontocom.com.br\/site\/bolsonaro-afunda-lula-ladrao-e-voce-e-de-novo-comigo-na-sua-boca\/","title":{"rendered":"Bolsonaro afunda Lula: \u2018Ladr\u00e3o, \u00e9 voc\u00ea e de novo comigo na sua boca?\u2019"},"content":{"rendered":"<p style=\"text-align: justify;\"><img loading=\"lazy\" class=\"alignnone size-full wp-image-201307\" src=\"http:\/\/mspontocom.com.br\/site\/wp-content\/uploads\/2025\/07\/site-bolsonaro-afunda-lula-ladrao-e-voce-de-novo-comigo-na-sua-boca-lula-bolsonaro.webp\" alt=\"\" width=\"888\" height=\"556\" srcset=\"http:\/\/mspontocom.com.br\/site\/wp-content\/uploads\/2025\/07\/site-bolsonaro-afunda-lula-ladrao-e-voce-de-novo-comigo-na-sua-boca-lula-bolsonaro.webp 888w, http:\/\/mspontocom.com.br\/site\/wp-content\/uploads\/2025\/07\/site-bolsonaro-afunda-lula-ladrao-e-voce-de-novo-comigo-na-sua-boca-lula-bolsonaro-260x163.webp 260w, http:\/\/mspontocom.com.br\/site\/wp-content\/uploads\/2025\/07\/site-bolsonaro-afunda-lula-ladrao-e-voce-de-novo-comigo-na-sua-boca-lula-bolsonaro-768x481.webp 768w\" sizes=\"(max-width: 888px) 100vw, 888px\" \/>O ex-presidente Jair Bolsonaro (PL) respondeu, nesta sexta-feira (11), as declara\u00e7\u00f5es feitas a ele pelo presidente Lula durante um evento oficial do governo federal realizado no Esp\u00edrito Santo.<\/p>\n<p style=\"text-align: justify;\">No interior capixaba, Lula acusou Bolsonaro de covardia e de tentar articular um golpe de Estado<\/p>\n<blockquote><p><em>\u201cAquela coisa covarde, que preparou um golpe nesse pa\u00eds, n\u00e3o teve coragem de fazer, est\u00e1 sendo processado, vai ser julgado e mandou o filho dele para os EUA pedir para o Trump fazer amea\u00e7a\u201d,<\/em>\u00a0afirmou Lula no palanque.<\/p><\/blockquote>\n<p style=\"text-align: justify;\">Em publica\u00e7\u00e3o na rede social X (antigo Twitter), Bolsonaro reagiu diretamente \u00e0s declara\u00e7\u00f5es de Lula.<\/p>\n<blockquote><p><strong><span style=\"font-size: 14pt;\">&#8220;Ladr\u00e3o, \u00e9 voc\u00ea de novo comigo na sua boca?\u201d,\u00a0escreveu o ex-presidente.<\/span><\/strong><\/p><\/blockquote>\n<p style=\"text-align: justify;\">Durante o evento, Lula tamb\u00e9m atacou a integridade moral de Bolsonaro ao comentar o conte\u00fado da carta enviada por Trump, em que o republicano afirma que o ex-presidente brasileiro sofre uma \u201cca\u00e7a \u00e0s bruxas\u201d no Brasil.<\/p>\n","protected":false},"excerpt":{"rendered":"<p>O ex-presidente Jair Bolsonaro (PL) respondeu, nesta sexta-feira (11), as declara\u00e7\u00f5es feitas a ele pelo presidente Lula durante um evento oficial do governo federal realizado no Esp\u00edrito Santo. No interior capixaba, Lula acusou Bolsonaro de covardia e de tentar articular um golpe de Estado \u201cAquela coisa covarde, que preparou um golpe nesse pa\u00eds, n\u00e3o teve [&hellip;]<\/p>\n","protected":false},"author":2,"featured_media":201307,"comment_status":"open","ping_status":"open","sticky":false,"template":"","format":"standard","meta":{"_monsterinsights_skip_tracking":false,"_monsterinsights_sitenote_active":false,"_monsterinsights_sitenote_note":"","_monsterinsights_sitenote_category":0},"categories":[6,30260,30259,12],"tags":[21017,43251,480],"aioseo_notices":[],"_links":{"self":[{"href":"http:\/\/mspontocom.com.br\/site\/wp-json\/wp\/v2\/posts\/201299"}],"collection":[{"href":"http:\/\/mspontocom.com.br\/site\/wp-json\/wp\/v2\/posts"}],"about":[{"href":"http:\/\/mspontocom.com.br\/site\/wp-json\/wp\/v2\/types\/post"}],"author":[{"embeddable":true,"href":"http:\/\/mspontocom.com.br\/site\/wp-json\/wp\/v2\/users\/2"}],"replies":[{"embeddable":true,"href":"http:\/\/mspontocom.com.br\/site\/wp-json\/wp\/v2\/comments?post=201299"}],"version-history":[{"count":2,"href":"http:\/\/mspontocom.com.br\/site\/wp-json\/wp\/v2\/posts\/201299\/revisions"}],"predecessor-version":[{"id":201308,"href":"http:\/\/mspontocom.com.br\/site\/wp-json\/wp\/v2\/posts\/201299\/revisions\/201308"}],"wp:featuredmedia":[{"embeddable":true,"href":"http:\/\/mspontocom.com.br\/site\/wp-json\/wp\/v2\/media\/201307"}],"wp:attachment":[{"href":"http:\/\/mspontocom.com.br\/site\/wp-json\/wp\/v2\/media?parent=201299"}],"wp:term":[{"taxonomy":"category","embeddable":true,"href":"http:\/\/mspontocom.com.br\/site\/wp-json\/wp\/v2\/categories?post=201299"},{"taxonomy":"post_tag","embeddable":true,"href":"http:\/\/mspontocom.com.br\/site\/wp-json\/wp\/v2\/tags?post=201299"}],"curies":[{"name":"wp","href":"https:\/\/api.w.org\/{rel}","templated":true}]}}