{"id":201303,"date":"2025-07-12T06:38:41","date_gmt":"2025-07-12T10:38:41","guid":{"rendered":"https:\/\/mspontocom.com.br\/site\/?p=201303"},"modified":"2025-07-12T06:38:41","modified_gmt":"2025-07-12T10:38:41","slug":"pack-da-soberania-do-governo-lula-vira-chacota-nas-redes","status":"publish","type":"post","link":"http:\/\/mspontocom.com.br\/site\/pack-da-soberania-do-governo-lula-vira-chacota-nas-redes\/","title":{"rendered":"\u2018Pack da soberania\u2019 do governo Lula vira chacota nas redes"},"content":{"rendered":"<p style=\"text-align: justify;\"><img loading=\"lazy\" class=\"alignnone size-full wp-image-201305\" src=\"http:\/\/mspontocom.com.br\/site\/wp-content\/uploads\/2025\/07\/site-pack-da-soberania-do-governo-lula-vira-chacota-nas-redes-lula-bobo.jpg\" alt=\"\" width=\"300\" height=\"168\" srcset=\"http:\/\/mspontocom.com.br\/site\/wp-content\/uploads\/2025\/07\/site-pack-da-soberania-do-governo-lula-vira-chacota-nas-redes-lula-bobo.jpg 300w, http:\/\/mspontocom.com.br\/site\/wp-content\/uploads\/2025\/07\/site-pack-da-soberania-do-governo-lula-vira-chacota-nas-redes-lula-bobo-260x146.jpg 260w\" sizes=\"(max-width: 300px) 100vw, 300px\" \/><\/p>\n<p style=\"text-align: justify;\">O \u201cpack da soberania\u201d, publicado pelas redes sociais do governo federal, virou chacota entre os internautas.<\/p>\n<p style=\"text-align: justify;\">Usu\u00e1rios come\u00e7aram a ironizar a imagem publicada pela gest\u00e3o de\u00a0<strong>Luiz In\u00e1cio Lula da Silva<\/strong>, que traz programas sociais e a urna eletr\u00f4nica como \u201cs\u00edmbolos de brasilidade\u201d.<\/p>\n<p style=\"text-align: justify;\">Ironicamente, as pe\u00e7as foram divulgadas em redes sociais como o Instagram, que pertence \u00e0 big tech norte-americana Meta \u2014 tamb\u00e9m dona do Facebook.<\/p>\n<p style=\"text-align: justify;\">A a\u00e7\u00e3o faz parte da campanha empenhada \u00a0para impulsionar o atual discurso de \u201csoberania brasileira\u201d do governo Lula, que se tornou mais inflamado depois do an\u00fancio das tarifas de 50% impostas ao pa\u00eds pelo presidente dos Estados Unidos Donald Trump.<\/p>\n<blockquote><p><em>\u201cQue vexame, Jesus\u201d, escreveu um internauta, nos coment\u00e1rios da publica\u00e7\u00e3o no Instagram. Outro indagou: \u201c\u00c9 a Janja que est\u00e1 cuidando dessa conta?\u201d.<\/em><\/p><\/blockquote>\n<p style=\"text-align: justify;\">No X, os usu\u00e1rios da rede social come\u00e7aram a \u201ccorrigir\u201d o \u201cpack da soberania\u201d, substituindo os s\u00edmbolos apresentados pelo governo Lula por incidentes relacionados \u00e0 sua gest\u00e3o, como as fraudes no INSS.<\/p>\n<figure class=\"wp-block-embed is-type-rich is-provider-twitter wp-block-embed-twitter\" style=\"text-align: justify;\"><\/figure>\n<figure class=\"wp-block-embed is-type-rich is-provider-twitter wp-block-embed-twitter\" style=\"text-align: justify;\"><\/figure>\n<p style=\"text-align: justify;\">Em outra publica\u00e7\u00e3o, o perfil do governo federal usa memes de cachorros para \u201cexplicar a justi\u00e7a social\u201d.<\/p>\n<p style=\"text-align: justify;\">Num trecho, aparece uma cadela representando a elite, com direito a provoca\u00e7\u00e3o \u00e1cida: o perfil diz que ela n\u00e3o paga impostos e ainda reclama de pagar muito \u201cpara os filhos latirem em outros pa\u00edses\u201d \u2014 uma alus\u00e3o \u00e0 fala da primeira-dama Janja da Silva sobre \u201cvira-latas\u201d.<\/p>\n<p style=\"text-align: justify;\"><strong>\u201cAi, cad\u00ea meu vira-latas?\u201d, disse Janja, que se aproximou no momento em que a rep\u00f3rter falava.<\/strong><\/p>\n<p style=\"text-align: justify;\">\n","protected":false},"excerpt":{"rendered":"<p>O \u201cpack da soberania\u201d, publicado pelas redes sociais do governo federal, virou chacota entre os internautas. Usu\u00e1rios come\u00e7aram a ironizar a imagem publicada pela gest\u00e3o de\u00a0Luiz In\u00e1cio Lula da Silva, que traz programas sociais e a urna eletr\u00f4nica como \u201cs\u00edmbolos de brasilidade\u201d. Ironicamente, as pe\u00e7as foram divulgadas em redes sociais como o Instagram, que pertence [&hellip;]<\/p>\n","protected":false},"author":2,"featured_media":201305,"comment_status":"open","ping_status":"open","sticky":false,"template":"","format":"standard","meta":{"_monsterinsights_skip_tracking":false,"_monsterinsights_sitenote_active":false,"_monsterinsights_sitenote_note":"","_monsterinsights_sitenote_category":0},"categories":[6,30260,30259,12],"tags":[40812,21711,43250,6913],"aioseo_notices":[],"_links":{"self":[{"href":"http:\/\/mspontocom.com.br\/site\/wp-json\/wp\/v2\/posts\/201303"}],"collection":[{"href":"http:\/\/mspontocom.com.br\/site\/wp-json\/wp\/v2\/posts"}],"about":[{"href":"http:\/\/mspontocom.com.br\/site\/wp-json\/wp\/v2\/types\/post"}],"author":[{"embeddable":true,"href":"http:\/\/mspontocom.com.br\/site\/wp-json\/wp\/v2\/users\/2"}],"replies":[{"embeddable":true,"href":"http:\/\/mspontocom.com.br\/site\/wp-json\/wp\/v2\/comments?post=201303"}],"version-history":[{"count":2,"href":"http:\/\/mspontocom.com.br\/site\/wp-json\/wp\/v2\/posts\/201303\/revisions"}],"predecessor-version":[{"id":201306,"href":"http:\/\/mspontocom.com.br\/site\/wp-json\/wp\/v2\/posts\/201303\/revisions\/201306"}],"wp:featuredmedia":[{"embeddable":true,"href":"http:\/\/mspontocom.com.br\/site\/wp-json\/wp\/v2\/media\/201305"}],"wp:attachment":[{"href":"http:\/\/mspontocom.com.br\/site\/wp-json\/wp\/v2\/media?parent=201303"}],"wp:term":[{"taxonomy":"category","embeddable":true,"href":"http:\/\/mspontocom.com.br\/site\/wp-json\/wp\/v2\/categories?post=201303"},{"taxonomy":"post_tag","embeddable":true,"href":"http:\/\/mspontocom.com.br\/site\/wp-json\/wp\/v2\/tags?post=201303"}],"curies":[{"name":"wp","href":"https:\/\/api.w.org\/{rel}","templated":true}]}}