{"id":201316,"date":"2025-07-13T07:18:14","date_gmt":"2025-07-13T11:18:14","guid":{"rendered":"https:\/\/mspontocom.com.br\/site\/?p=201316"},"modified":"2025-07-13T07:18:14","modified_gmt":"2025-07-13T11:18:14","slug":"stf-silencia-diante-de-mentiras-de-lula-diz-bolsonaro","status":"publish","type":"post","link":"http:\/\/mspontocom.com.br\/site\/stf-silencia-diante-de-mentiras-de-lula-diz-bolsonaro\/","title":{"rendered":"STF silencia diante de mentiras de Lula, diz Bolsonaro"},"content":{"rendered":"<p style=\"text-align: justify;\"><img loading=\"lazy\" class=\"alignnone size-full wp-image-201317\" src=\"http:\/\/mspontocom.com.br\/site\/wp-content\/uploads\/2025\/07\/site-stf-silencia-diante-de-mentiras-de-lula-diz-bolsonaro-copia-de-cnn-cortes.webp\" alt=\"\" width=\"418\" height=\"235\" srcset=\"http:\/\/mspontocom.com.br\/site\/wp-content\/uploads\/2025\/07\/site-stf-silencia-diante-de-mentiras-de-lula-diz-bolsonaro-copia-de-cnn-cortes.webp 418w, http:\/\/mspontocom.com.br\/site\/wp-content\/uploads\/2025\/07\/site-stf-silencia-diante-de-mentiras-de-lula-diz-bolsonaro-copia-de-cnn-cortes-260x146.webp 260w\" sizes=\"(max-width: 418px) 100vw, 418px\" \/><\/p>\n<p style=\"text-align: justify;\">O<span style=\"font-size: 12pt;\">\u00a0ex-presidente <\/span><strong>Jair Bolsonaro<\/strong> usou as redes sociais neste s\u00e1bado, 12, para questionar a omiss\u00e3o do STF diante de ataques e declara\u00e7\u00f5es falsas feitas pelo presidente Lula.<\/p>\n<p style=\"text-align: justify;\">Segundo Bolsonaro, as institui\u00e7\u00f5es que antes reagiam com inqu\u00e9ritos, censura e pris\u00f5es a qualquer cr\u00edtica ao Judici\u00e1rio agora se mant\u00eam em sil\u00eancio diante das falas do petista.<\/p>\n<blockquote><p><span style=\"font-size: 14pt;\"><em>\u201c\u00c9 poss\u00edvel que, todos os dias, uma pessoa minta, ataque institui\u00e7\u00f5es e destile \u00f3dio contra estruturas democraticamente constitu\u00eddas \u2013 e absolutamente nada aconte\u00e7a?\u201d, escreveu Bolsonaro. \u201cHoje, diante de algu\u00e9m que insiste em propagar inverdades continuamente, impera o sil\u00eancio.\u201d<\/em><\/span><\/p><\/blockquote>\n<p style=\"text-align: justify;\">Durante o mandato de Bolsonaro, ministros do STF e do Tribunal Superior Eleitoral moveram dezenas de a\u00e7\u00f5es contra ele, sob a justificativa de combater a desinforma\u00e7\u00e3o.<\/p>\n<div id=\"hd80s9wa1h892edh8192\">\n<h2 id=\"h-lula-mente-favorece-aliados-e-nao-sofre-reacao-institucional\" class=\"wp-block-heading\" style=\"text-align: justify;\"><strong>Lula mente, favorece aliados e n\u00e3o sofre rea\u00e7\u00e3o institucional<\/strong><\/h2>\n<p style=\"text-align: justify;\">A fala de Lula, feita em rede nacional, n\u00e3o se sustenta.<\/p>\n<p style=\"text-align: justify;\">Segundo auditoria do\u00a0<strong><a href=\"https:\/\/portal.tcu.gov.br\/\" target=\"_blank\" rel=\"noreferrer noopener\">Tribunal de Contas da Uni\u00e3o<\/a><\/strong>, o pr\u00f3prio governo petista foi respons\u00e1vel por um recorde de den\u00fancias em 2023.<\/p>\n<p style=\"text-align: justify;\">Naquele ano, cerca de 35 mil aposentados procuraram canais oficiais do INSS para relatar descontos indevidos em empr\u00e9stimos consignados que n\u00e3o solicitaram.<\/p>\n<p style=\"text-align: justify;\">Tamb\u00e9m em 2023, o volume movimentado em opera\u00e7\u00f5es de cr\u00e9dito consignado dentro do INSS chegou a R$ 90 bilh\u00f5es.<\/p>\n<p style=\"text-align: justify;\">A gest\u00e3o petista tamb\u00e9m tem sido acusada de blindar aliados.<\/p>\n<p>&nbsp;<\/p>\n<\/div>\n<p><a href=\"https:\/\/revistaoeste.com\/politica\/stf-silencia-diante-de-mentiras-de-lula-diz-bolsonaro\/\">Via Revista Oeste<\/a><\/p>\n","protected":false},"excerpt":{"rendered":"<p>O\u00a0ex-presidente Jair Bolsonaro usou as redes sociais neste s\u00e1bado, 12, para questionar a omiss\u00e3o do STF diante de ataques e declara\u00e7\u00f5es falsas feitas pelo presidente Lula. Segundo Bolsonaro, as institui\u00e7\u00f5es que antes reagiam com inqu\u00e9ritos, censura e pris\u00f5es a qualquer cr\u00edtica ao Judici\u00e1rio agora se mant\u00eam em sil\u00eancio diante das falas do petista. \u201c\u00c9 poss\u00edvel [&hellip;]<\/p>\n","protected":false},"author":2,"featured_media":201317,"comment_status":"open","ping_status":"open","sticky":false,"template":"","format":"standard","meta":{"_monsterinsights_skip_tracking":false,"_monsterinsights_sitenote_active":false,"_monsterinsights_sitenote_note":"","_monsterinsights_sitenote_category":0},"categories":[6,30260,30259,12],"tags":[21017,480,2833,43255,3014],"aioseo_notices":[],"_links":{"self":[{"href":"http:\/\/mspontocom.com.br\/site\/wp-json\/wp\/v2\/posts\/201316"}],"collection":[{"href":"http:\/\/mspontocom.com.br\/site\/wp-json\/wp\/v2\/posts"}],"about":[{"href":"http:\/\/mspontocom.com.br\/site\/wp-json\/wp\/v2\/types\/post"}],"author":[{"embeddable":true,"href":"http:\/\/mspontocom.com.br\/site\/wp-json\/wp\/v2\/users\/2"}],"replies":[{"embeddable":true,"href":"http:\/\/mspontocom.com.br\/site\/wp-json\/wp\/v2\/comments?post=201316"}],"version-history":[{"count":2,"href":"http:\/\/mspontocom.com.br\/site\/wp-json\/wp\/v2\/posts\/201316\/revisions"}],"predecessor-version":[{"id":201319,"href":"http:\/\/mspontocom.com.br\/site\/wp-json\/wp\/v2\/posts\/201316\/revisions\/201319"}],"wp:featuredmedia":[{"embeddable":true,"href":"http:\/\/mspontocom.com.br\/site\/wp-json\/wp\/v2\/media\/201317"}],"wp:attachment":[{"href":"http:\/\/mspontocom.com.br\/site\/wp-json\/wp\/v2\/media?parent=201316"}],"wp:term":[{"taxonomy":"category","embeddable":true,"href":"http:\/\/mspontocom.com.br\/site\/wp-json\/wp\/v2\/categories?post=201316"},{"taxonomy":"post_tag","embeddable":true,"href":"http:\/\/mspontocom.com.br\/site\/wp-json\/wp\/v2\/tags?post=201316"}],"curies":[{"name":"wp","href":"https:\/\/api.w.org\/{rel}","templated":true}]}}