{"id":201320,"date":"2025-07-13T07:24:13","date_gmt":"2025-07-13T11:24:13","guid":{"rendered":"https:\/\/mspontocom.com.br\/site\/?p=201320"},"modified":"2025-07-13T07:24:13","modified_gmt":"2025-07-13T11:24:13","slug":"oposicao-cobra-tcu-por-pt-usar-gabinete-do-odio","status":"publish","type":"post","link":"http:\/\/mspontocom.com.br\/site\/oposicao-cobra-tcu-por-pt-usar-gabinete-do-odio\/","title":{"rendered":"Oposi\u00e7\u00e3o cobra TCU por PT usar \u2018gabinete do \u00f3dio\u2019"},"content":{"rendered":"<p style=\"text-align: justify;\"><img loading=\"lazy\" class=\"alignnone size-full wp-image-201321\" src=\"http:\/\/mspontocom.com.br\/site\/wp-content\/uploads\/2025\/07\/site-oposicao-cobra-tcu-por-pt-usar-gabinete-do-odio-lularaiva.jpg\" alt=\"\" width=\"1200\" height=\"720\" srcset=\"http:\/\/mspontocom.com.br\/site\/wp-content\/uploads\/2025\/07\/site-oposicao-cobra-tcu-por-pt-usar-gabinete-do-odio-lularaiva.jpg 1200w, http:\/\/mspontocom.com.br\/site\/wp-content\/uploads\/2025\/07\/site-oposicao-cobra-tcu-por-pt-usar-gabinete-do-odio-lularaiva-260x156.jpg 260w, http:\/\/mspontocom.com.br\/site\/wp-content\/uploads\/2025\/07\/site-oposicao-cobra-tcu-por-pt-usar-gabinete-do-odio-lularaiva-1024x614.jpg 1024w, http:\/\/mspontocom.com.br\/site\/wp-content\/uploads\/2025\/07\/site-oposicao-cobra-tcu-por-pt-usar-gabinete-do-odio-lularaiva-768x461.jpg 768w\" sizes=\"(max-width: 1200px) 100vw, 1200px\" \/>O deputado federal de oposi\u00e7\u00e3o Evair de Melo (PP-ES) acionou o Tribunal de Contas da Uni\u00e3o para apurar a legalidade da campanha \u201cDefenda o Brasil\u201d, deflagrada pelo PT.<\/p>\n<p style=\"text-align: justify;\">A campanha surgiu ap\u00f3s Donald Trump anunciar tarifa\u00e7o de 50% sobre produtos brasileiros.<\/p>\n<blockquote><p><em> \u201cAs pe\u00e7as publicit\u00e1rias ultrapassam os limites da cr\u00edtica internacional e mergulham num discurso de polariza\u00e7\u00e3o interna, com ataques expl\u00edcitos a figuras da oposi\u00e7\u00e3o, como Jair Bolsonaro e Tarc\u00edsio de Freitas\u201d, diz of\u00edcio enviado ao TCU.<\/em><\/p><\/blockquote>\n<div class=\"notas\">\n<div id=\"Nota-2\" class=\"entry-block ch-nota Nota-2\" style=\"text-align: justify;\">\n<h3>Fac\u00e7\u00e3o estruturada<\/h3>\n<\/div>\n<p style=\"text-align: justify;\">Circula no Whatsapp instru\u00e7\u00f5es com links, cards, v\u00eddeos e ilustra\u00e7\u00f5es para o \u201cengajamento\u201d da campanha, lan\u00e7ada na sexta (11).<\/p>\n<div id=\"Nota-3\" class=\"entry-block ch-nota Nota-3\" style=\"text-align: justify;\">\n<h3>At\u00e9 o pesco\u00e7o<\/h3>\n<\/div>\n<p style=\"text-align: justify;\">O deputado tamb\u00e9m cobrou explica\u00e7\u00f5es da Secom de Lula. Quer saber at\u00e9 que ponto a pasta est\u00e1 envolvida com a campanha.<\/p>\n<div id=\"Nota-4\" class=\"entry-block ch-nota Nota-4\" style=\"text-align: justify;\">\n<h3>Miou<\/h3>\n<\/div>\n<p style=\"text-align: justify;\">Apesar do esfor\u00e7o do gabinete do \u00f3dio lulista, a campanha fracassou e nem conseguiu figurar entre os assuntos mais comentados do \u201cX\u201d.<\/p>\n<div id=\"Nota-5\" class=\"entry-block ch-nota Nota-5\">\n<h3 style=\"text-align: justify;\">Cheira mal<\/h3>\n<h3 style=\"text-align: justify;\"><span style=\"font-size: 12pt;\">\u201cO aparelhamento da m\u00e1quina p\u00fablica para servir ao PT \u00e9 inaceit\u00e1vel\u201d, avalia Evair, que desconfia de \u201ccrime contra o er\u00e1rio e a democracia\u201d.<\/span><\/h3>\n<\/div>\n<p>fonte: Coluna Claudio Humberto, Di\u00e1rio do Poder<\/p>\n<\/div>\n","protected":false},"excerpt":{"rendered":"<p>O deputado federal de oposi\u00e7\u00e3o Evair de Melo (PP-ES) acionou o Tribunal de Contas da Uni\u00e3o para apurar a legalidade da campanha \u201cDefenda o Brasil\u201d, deflagrada pelo PT. A campanha surgiu ap\u00f3s Donald Trump anunciar tarifa\u00e7o de 50% sobre produtos brasileiros. \u201cAs pe\u00e7as publicit\u00e1rias ultrapassam os limites da cr\u00edtica internacional e mergulham num discurso de [&hellip;]<\/p>\n","protected":false},"author":2,"featured_media":201321,"comment_status":"open","ping_status":"open","sticky":false,"template":"","format":"standard","meta":{"_monsterinsights_skip_tracking":false,"_monsterinsights_sitenote_active":false,"_monsterinsights_sitenote_note":"","_monsterinsights_sitenote_category":0},"categories":[6,30260,30259,12],"tags":[38193,480,4285,3998],"aioseo_notices":[],"_links":{"self":[{"href":"http:\/\/mspontocom.com.br\/site\/wp-json\/wp\/v2\/posts\/201320"}],"collection":[{"href":"http:\/\/mspontocom.com.br\/site\/wp-json\/wp\/v2\/posts"}],"about":[{"href":"http:\/\/mspontocom.com.br\/site\/wp-json\/wp\/v2\/types\/post"}],"author":[{"embeddable":true,"href":"http:\/\/mspontocom.com.br\/site\/wp-json\/wp\/v2\/users\/2"}],"replies":[{"embeddable":true,"href":"http:\/\/mspontocom.com.br\/site\/wp-json\/wp\/v2\/comments?post=201320"}],"version-history":[{"count":2,"href":"http:\/\/mspontocom.com.br\/site\/wp-json\/wp\/v2\/posts\/201320\/revisions"}],"predecessor-version":[{"id":201323,"href":"http:\/\/mspontocom.com.br\/site\/wp-json\/wp\/v2\/posts\/201320\/revisions\/201323"}],"wp:featuredmedia":[{"embeddable":true,"href":"http:\/\/mspontocom.com.br\/site\/wp-json\/wp\/v2\/media\/201321"}],"wp:attachment":[{"href":"http:\/\/mspontocom.com.br\/site\/wp-json\/wp\/v2\/media?parent=201320"}],"wp:term":[{"taxonomy":"category","embeddable":true,"href":"http:\/\/mspontocom.com.br\/site\/wp-json\/wp\/v2\/categories?post=201320"},{"taxonomy":"post_tag","embeddable":true,"href":"http:\/\/mspontocom.com.br\/site\/wp-json\/wp\/v2\/tags?post=201320"}],"curies":[{"name":"wp","href":"https:\/\/api.w.org\/{rel}","templated":true}]}}