{"id":201328,"date":"2025-07-14T06:50:33","date_gmt":"2025-07-14T10:50:33","guid":{"rendered":"https:\/\/mspontocom.com.br\/site\/?p=201328"},"modified":"2025-07-14T06:50:33","modified_gmt":"2025-07-14T10:50:33","slug":"bolsonaro-resgata-video-em-que-pt-reclama-de-fraude-eleitoral","status":"publish","type":"post","link":"http:\/\/mspontocom.com.br\/site\/bolsonaro-resgata-video-em-que-pt-reclama-de-fraude-eleitoral\/","title":{"rendered":"Bolsonaro resgata v\u00eddeo em que PT reclama de fraude eleitoral"},"content":{"rendered":"<p style=\"text-align: justify;\"><img loading=\"lazy\" class=\"alignnone size-full wp-image-201335\" src=\"http:\/\/mspontocom.com.br\/site\/wp-content\/uploads\/2025\/07\/site-bolsonaro-resgata-video-em-que-pt-reclama-de-fraude-eleitora-gleisi-bolsonaro.jpg\" alt=\"\" width=\"1030\" height=\"600\" srcset=\"http:\/\/mspontocom.com.br\/site\/wp-content\/uploads\/2025\/07\/site-bolsonaro-resgata-video-em-que-pt-reclama-de-fraude-eleitora-gleisi-bolsonaro.jpg 1030w, http:\/\/mspontocom.com.br\/site\/wp-content\/uploads\/2025\/07\/site-bolsonaro-resgata-video-em-que-pt-reclama-de-fraude-eleitora-gleisi-bolsonaro-260x151.jpg 260w, http:\/\/mspontocom.com.br\/site\/wp-content\/uploads\/2025\/07\/site-bolsonaro-resgata-video-em-que-pt-reclama-de-fraude-eleitora-gleisi-bolsonaro-1024x597.jpg 1024w, http:\/\/mspontocom.com.br\/site\/wp-content\/uploads\/2025\/07\/site-bolsonaro-resgata-video-em-que-pt-reclama-de-fraude-eleitora-gleisi-bolsonaro-768x447.jpg 768w\" sizes=\"(max-width: 1030px) 100vw, 1030px\" \/>O ex-presidente Jair Bolsonaro resgatou um v\u00eddeo em que a ministra das Rela\u00e7\u00f5es Institucionais, e ex-presidente do PT <strong>Gleisi Hoffmann<\/strong>, duvida da lisura das elei\u00e7\u00f5es de 2018.<\/p>\n<p style=\"text-align: justify;\">No v\u00eddeo, Gleisi tamb\u00e9m defende a anula\u00e7\u00e3o do pleito.<\/p>\n<p style=\"text-align: justify;\">Na ocasi\u00e3o, Gleisi participava de uma reuni\u00e3o com militantes do PT no Paran\u00e1.<\/p>\n<p style=\"text-align: justify;\">Ela presidia o partido nacionamente \u00e0 \u00e9poca.<\/p>\n<p style=\"text-align: justify;\">Gleisi reclamou do resultado nacional, que deu vit\u00f3ria ao ent\u00e3o candidado \u00e0 Presid\u00eancia, Jair Bolsonaro, e disse que o candidato do PT ao governo do Paran\u00e1, Roberto Requi\u00e3o, foi v\u00edtima de fraude.<\/p>\n<blockquote><p><em>\u201cN\u00e3o tenho d\u00favida nenhuma que foi fraude eleitoral o que aconteceu\u201d, afirmou Gleisi na reuni\u00e3o. \u201cFraude na ida do Bolsonaro com os 46% no segundo turno; fraude nas elei\u00e7\u00f5es do Rio de Janeiro; na elei\u00e7\u00f5es de Minas Gerais; nas elei\u00e7\u00f5es do Distrito Federal; e fraude na tua elei\u00e7\u00e3o, Requi\u00e3o.\u201d<\/em><\/p><\/blockquote>\n<p style=\"text-align: justify;\">Gleisi se mostrou inconformada com o fato de Requi\u00e3o ter terminado apenas em terceiro lugar depois de aparecer na lideran\u00e7a nas pesquisas.<\/p>\n<p style=\"text-align: justify;\">Bolsonaro completou: \u201cSer\u00e1 que opini\u00f5es e suspeitas s\u00e3o crime apenas dependendo de quem as expressa?\u201d<\/p>\n<figure class=\"wp-block-embed is-type-rich is-provider-twitter wp-block-embed-twitter\">\n<div class=\"wp-block-embed__wrapper\">\n<div class=\"twitter-tweet twitter-tweet-rendered\" style=\"text-align: justify;\"><iframe id=\"twitter-widget-0\" class=\"\" title=\"X Post\" src=\"https:\/\/platform.twitter.com\/embed\/Tweet.html?dnt=true&amp;embedId=twitter-widget-0&amp;features=eyJ0ZndfdGltZWxpbmVfbGlzdCI6eyJidWNrZXQiOltdLCJ2ZXJzaW9uIjpudWxsfSwidGZ3X2ZvbGxvd2VyX2NvdW50X3N1bnNldCI6eyJidWNrZXQiOnRydWUsInZlcnNpb24iOm51bGx9LCJ0ZndfdHdlZXRfZWRpdF9iYWNrZW5kIjp7ImJ1Y2tldCI6Im9uIiwidmVyc2lvbiI6bnVsbH0sInRmd19yZWZzcmNfc2Vzc2lvbiI6eyJidWNrZXQiOiJvbiIsInZlcnNpb24iOm51bGx9LCJ0ZndfZm9zbnJfc29mdF9pbnRlcnZlbnRpb25zX2VuYWJsZWQiOnsiYnVja2V0Ijoib24iLCJ2ZXJzaW9uIjpudWxsfSwidGZ3X21peGVkX21lZGlhXzE1ODk3Ijp7ImJ1Y2tldCI6InRyZWF0bWVudCIsInZlcnNpb24iOm51bGx9LCJ0ZndfZXhwZXJpbWVudHNfY29va2llX2V4cGlyYXRpb24iOnsiYnVja2V0IjoxMjA5NjAwLCJ2ZXJzaW9uIjpudWxsfSwidGZ3X3Nob3dfYmlyZHdhdGNoX3Bpdm90c19lbmFibGVkIjp7ImJ1Y2tldCI6Im9uIiwidmVyc2lvbiI6bnVsbH0sInRmd19kdXBsaWNhdGVfc2NyaWJlc190b19zZXR0aW5ncyI6eyJidWNrZXQiOiJvbiIsInZlcnNpb24iOm51bGx9LCJ0ZndfdXNlX3Byb2ZpbGVfaW1hZ2Vfc2hhcGVfZW5hYmxlZCI6eyJidWNrZXQiOiJvbiIsInZlcnNpb24iOm51bGx9LCJ0ZndfdmlkZW9faGxzX2R5bmFtaWNfbWFuaWZlc3RzXzE1MDgyIjp7ImJ1Y2tldCI6InRydWVfYml0cmF0ZSIsInZlcnNpb24iOm51bGx9LCJ0ZndfbGVnYWN5X3RpbWVsaW5lX3N1bnNldCI6eyJidWNrZXQiOnRydWUsInZlcnNpb24iOm51bGx9LCJ0ZndfdHdlZXRfZWRpdF9mcm9udGVuZCI6eyJidWNrZXQiOiJvbiIsInZlcnNpb24iOm51bGx9fQ%3D%3D&amp;frame=false&amp;hideCard=false&amp;hideThread=false&amp;id=1944059772464161185&amp;lang=pt&amp;origin=https%3A%2F%2Ftibagionline.com.br%2Fbolsonaro-resgata-video-em-que-gleisi-reclama-de-fraude-eleitoral%2F&amp;sessionId=264a474f737246df39a3495ac355794c1e4a882a&amp;theme=light&amp;widgetsVersion=2615f7e52b7e0%3A1702314776716&amp;width=500px\" frameborder=\"0\" scrolling=\"no\" allowfullscreen=\"allowfullscreen\" data-tweet-id=\"1944059772464161185\" data-mce-fragment=\"1\"><\/iframe><\/div>\n<blockquote>\n<p dir=\"ltr\" lang=\"pt\"><span style=\"font-size: 14pt;\"><em>Mais uma vez, um nome da esquerda declara abertamente: \u201cN\u00c3O TENHO D\u00daVIDAS DE QUE FOI FRAUDE ELEITORAL!\u201d \u2013 e, mais uma vez, nada acontece.<\/em><\/span><\/p>\n<\/blockquote>\n<blockquote class=\"twitter-tweet\" data-width=\"500\" data-dnt=\"true\" data-twitter-extracted-i1752484697095948286=\"true\"><p>\u2014 Jair M. Bolsonaro (@jairbolsonaro)\u00a0<a href=\"https:\/\/twitter.com\/jairbolsonaro\/status\/1944059772464161185?ref_src=twsrc%5Etfw\" target=\"_blank\" rel=\"nofollow noopener\">July 12, 2025<\/a><\/p><\/blockquote>\n<\/div>\n<\/figure>\n","protected":false},"excerpt":{"rendered":"<p>O ex-presidente Jair Bolsonaro resgatou um v\u00eddeo em que a ministra das Rela\u00e7\u00f5es Institucionais, e ex-presidente do PT Gleisi Hoffmann, duvida da lisura das elei\u00e7\u00f5es de 2018. No v\u00eddeo, Gleisi tamb\u00e9m defende a anula\u00e7\u00e3o do pleito. Na ocasi\u00e3o, Gleisi participava de uma reuni\u00e3o com militantes do PT no Paran\u00e1. Ela presidia o partido nacionamente \u00e0 [&hellip;]<\/p>\n","protected":false},"author":2,"featured_media":201335,"comment_status":"open","ping_status":"open","sticky":false,"template":"","format":"standard","meta":{"_monsterinsights_skip_tracking":false,"_monsterinsights_sitenote_active":false,"_monsterinsights_sitenote_note":"","_monsterinsights_sitenote_category":0},"categories":[6,30260,30259,12],"tags":[21017,38686,533,26256,2735],"aioseo_notices":[],"_links":{"self":[{"href":"http:\/\/mspontocom.com.br\/site\/wp-json\/wp\/v2\/posts\/201328"}],"collection":[{"href":"http:\/\/mspontocom.com.br\/site\/wp-json\/wp\/v2\/posts"}],"about":[{"href":"http:\/\/mspontocom.com.br\/site\/wp-json\/wp\/v2\/types\/post"}],"author":[{"embeddable":true,"href":"http:\/\/mspontocom.com.br\/site\/wp-json\/wp\/v2\/users\/2"}],"replies":[{"embeddable":true,"href":"http:\/\/mspontocom.com.br\/site\/wp-json\/wp\/v2\/comments?post=201328"}],"version-history":[{"count":2,"href":"http:\/\/mspontocom.com.br\/site\/wp-json\/wp\/v2\/posts\/201328\/revisions"}],"predecessor-version":[{"id":201336,"href":"http:\/\/mspontocom.com.br\/site\/wp-json\/wp\/v2\/posts\/201328\/revisions\/201336"}],"wp:featuredmedia":[{"embeddable":true,"href":"http:\/\/mspontocom.com.br\/site\/wp-json\/wp\/v2\/media\/201335"}],"wp:attachment":[{"href":"http:\/\/mspontocom.com.br\/site\/wp-json\/wp\/v2\/media?parent=201328"}],"wp:term":[{"taxonomy":"category","embeddable":true,"href":"http:\/\/mspontocom.com.br\/site\/wp-json\/wp\/v2\/categories?post=201328"},{"taxonomy":"post_tag","embeddable":true,"href":"http:\/\/mspontocom.com.br\/site\/wp-json\/wp\/v2\/tags?post=201328"}],"curies":[{"name":"wp","href":"https:\/\/api.w.org\/{rel}","templated":true}]}}