{"id":201330,"date":"2025-07-14T06:32:34","date_gmt":"2025-07-14T10:32:34","guid":{"rendered":"https:\/\/mspontocom.com.br\/site\/?p=201330"},"modified":"2025-07-14T06:32:34","modified_gmt":"2025-07-14T10:32:34","slug":"provocacao-1-moraes-determina-nova-acao-contra-a-rumble-que-aciona-eua","status":"publish","type":"post","link":"http:\/\/mspontocom.com.br\/site\/provocacao-1-moraes-determina-nova-acao-contra-a-rumble-que-aciona-eua\/","title":{"rendered":"PROVOCA\u00c7\u00c3O 1: Moraes determina nova a\u00e7\u00e3o contra a Rumble, que aciona EUA"},"content":{"rendered":"<p class=\"color-text-news-content text-[18px] leading-[28px] md:text-[20px] md:leading-[30px] !font-extralight\" style=\"text-align: justify;\"><img loading=\"lazy\" class=\"alignnone size-full wp-image-201331\" src=\"http:\/\/mspontocom.com.br\/site\/wp-content\/uploads\/2025\/07\/site-provocacao-1-moraes-determina-nova-acao-contra-a-rumble-que-aciona-eua-alexandre-de-moraes-e-o-presidente-dos-eua-.jpg\" alt=\"\" width=\"900\" height=\"506\" srcset=\"http:\/\/mspontocom.com.br\/site\/wp-content\/uploads\/2025\/07\/site-provocacao-1-moraes-determina-nova-acao-contra-a-rumble-que-aciona-eua-alexandre-de-moraes-e-o-presidente-dos-eua-.jpg 900w, http:\/\/mspontocom.com.br\/site\/wp-content\/uploads\/2025\/07\/site-provocacao-1-moraes-determina-nova-acao-contra-a-rumble-que-aciona-eua-alexandre-de-moraes-e-o-presidente-dos-eua--260x146.jpg 260w, http:\/\/mspontocom.com.br\/site\/wp-content\/uploads\/2025\/07\/site-provocacao-1-moraes-determina-nova-acao-contra-a-rumble-que-aciona-eua-alexandre-de-moraes-e-o-presidente-dos-eua--768x432.jpg 768w\" sizes=\"(max-width: 900px) 100vw, 900px\" \/>A plataforma de v\u00eddeos\u00a0<strong class=\"text-bg-highlights px-1 rounded-md font-medium\">Rumble<\/strong>\u00a0protocolou uma peti\u00e7\u00e3o na Justi\u00e7a da Fl\u00f3rida, contestando uma ordem do ministro\u00a0<strong class=\"text-bg-highlights px-1 rounded-md font-medium\">Alexandre de Moraes<\/strong>, do STF, que determina o bloqueio da conta do comentarista\u00a0<strong class=\"text-bg-highlights px-1 rounded-md font-medium\">Rodrigo Constantino<\/strong>.<\/p>\n<p class=\"color-text-news-content text-[18px] leading-[28px] md:text-[20px] md:leading-[30px] !font-extralight\" style=\"text-align: justify;\">A decis\u00e3o, datada de\u00a0<strong class=\"text-bg-highlights px-1 rounded-md font-medium\">11 de julho<\/strong>, foi considerada irregular pelas empresas, que alegam viola\u00e7\u00e3o de direitos humanos e falta de notifica\u00e7\u00e3o adequada.<\/p>\n<p class=\"color-text-news-content text-[18px] leading-[28px] md:text-[20px] md:leading-[30px] !font-extralight\" style=\"text-align: justify;\">Na peti\u00e7\u00e3o, Rumble e a\u00a0<strong class=\"text-bg-highlights px-1 rounded-md font-medium\">Truth Social<\/strong>, rede social de Donald Trump, argumentam que a ordem de Moraes infringe leis dos Estados Unidos.<\/p>\n<p class=\"color-text-news-content text-[18px] leading-[28px] md:text-[20px] md:leading-[30px] !font-extralight\" style=\"text-align: justify;\">O bloqueio da conta de Constantino, que est\u00e1 inativa desde dezembro de 2023, foi imposto sob pena de multa di\u00e1ria de\u00a0<strong class=\"text-bg-highlights px-1 rounded-md font-medium\">R$ 100 mil<\/strong>.<\/p>\n<p class=\"color-text-news-content text-[18px] leading-[28px] md:text-[20px] md:leading-[30px] !font-extralight\" style=\"text-align: justify;\">Os advogados das plataformas afirmam que as decis\u00f5es de Moraes contrariam uma carta do\u00a0<strong class=\"text-bg-highlights px-1 rounded-md font-medium\">Departamento de Justi\u00e7a dos EUA.<\/strong><\/p>\n<p class=\"color-text-news-content text-[18px] leading-[28px] md:text-[20px] md:leading-[30px] !font-extralight\" style=\"text-align: justify;\">A situa\u00e7\u00e3o ocorre em um contexto de crescente tens\u00e3o pol\u00edtica, especialmente ap\u00f3s Trump impor tarifas de\u00a0<strong class=\"text-bg-highlights px-1 rounded-md font-medium\">50%<\/strong>\u00a0sobre produtos importados do Brasil.<\/p>\n<p class=\"color-text-news-content text-[18px] leading-[28px] md:text-[20px] md:leading-[30px] !font-extralight\" style=\"text-align: justify;\">As a\u00e7\u00f5es de Moraes s\u00e3o vistas como uma<strong> provoca\u00e7\u00e3o.<\/strong><\/p>\n","protected":false},"excerpt":{"rendered":"<p>A plataforma de v\u00eddeos\u00a0Rumble\u00a0protocolou uma peti\u00e7\u00e3o na Justi\u00e7a da Fl\u00f3rida, contestando uma ordem do ministro\u00a0Alexandre de Moraes, do STF, que determina o bloqueio da conta do comentarista\u00a0Rodrigo Constantino. A decis\u00e3o, datada de\u00a011 de julho, foi considerada irregular pelas empresas, que alegam viola\u00e7\u00e3o de direitos humanos e falta de notifica\u00e7\u00e3o adequada. Na peti\u00e7\u00e3o, Rumble e a\u00a0Truth [&hellip;]<\/p>\n","protected":false},"author":2,"featured_media":201331,"comment_status":"open","ping_status":"open","sticky":false,"template":"","format":"standard","meta":{"_monsterinsights_skip_tracking":false,"_monsterinsights_sitenote_active":false,"_monsterinsights_sitenote_note":"","_monsterinsights_sitenote_category":0},"categories":[6,30260,2528,30259,12],"tags":[6708,23797,1539,35247,43256],"aioseo_notices":[],"_links":{"self":[{"href":"http:\/\/mspontocom.com.br\/site\/wp-json\/wp\/v2\/posts\/201330"}],"collection":[{"href":"http:\/\/mspontocom.com.br\/site\/wp-json\/wp\/v2\/posts"}],"about":[{"href":"http:\/\/mspontocom.com.br\/site\/wp-json\/wp\/v2\/types\/post"}],"author":[{"embeddable":true,"href":"http:\/\/mspontocom.com.br\/site\/wp-json\/wp\/v2\/users\/2"}],"replies":[{"embeddable":true,"href":"http:\/\/mspontocom.com.br\/site\/wp-json\/wp\/v2\/comments?post=201330"}],"version-history":[{"count":1,"href":"http:\/\/mspontocom.com.br\/site\/wp-json\/wp\/v2\/posts\/201330\/revisions"}],"predecessor-version":[{"id":201332,"href":"http:\/\/mspontocom.com.br\/site\/wp-json\/wp\/v2\/posts\/201330\/revisions\/201332"}],"wp:featuredmedia":[{"embeddable":true,"href":"http:\/\/mspontocom.com.br\/site\/wp-json\/wp\/v2\/media\/201331"}],"wp:attachment":[{"href":"http:\/\/mspontocom.com.br\/site\/wp-json\/wp\/v2\/media?parent=201330"}],"wp:term":[{"taxonomy":"category","embeddable":true,"href":"http:\/\/mspontocom.com.br\/site\/wp-json\/wp\/v2\/categories?post=201330"},{"taxonomy":"post_tag","embeddable":true,"href":"http:\/\/mspontocom.com.br\/site\/wp-json\/wp\/v2\/tags?post=201330"}],"curies":[{"name":"wp","href":"https:\/\/api.w.org\/{rel}","templated":true}]}}