{"id":201356,"date":"2025-07-15T06:32:30","date_gmt":"2025-07-15T10:32:30","guid":{"rendered":"https:\/\/mspontocom.com.br\/site\/?p=201356"},"modified":"2025-07-15T09:19:39","modified_gmt":"2025-07-15T13:19:39","slug":"bolsonaro-nega-ter-ditoesta-fora-das-eleicoes-de-2026","status":"publish","type":"post","link":"http:\/\/mspontocom.com.br\/site\/bolsonaro-nega-ter-ditoesta-fora-das-eleicoes-de-2026\/","title":{"rendered":"Bolsonaro nega ter dito que est\u00e1 fora das elei\u00e7\u00f5es de 2026"},"content":{"rendered":"<p style=\"text-align: justify;\"><img loading=\"lazy\" class=\"alignnone size-full wp-image-201365\" src=\"http:\/\/mspontocom.com.br\/site\/wp-content\/uploads\/2025\/07\/site-bolsonaro-nega-ter-dito-que-esta-fora-das-eleicoes-de-2026-bolsonaro-presidente-3.webp\" alt=\"\" width=\"418\" height=\"294\" srcset=\"http:\/\/mspontocom.com.br\/site\/wp-content\/uploads\/2025\/07\/site-bolsonaro-nega-ter-dito-que-esta-fora-das-eleicoes-de-2026-bolsonaro-presidente-3.webp 418w, http:\/\/mspontocom.com.br\/site\/wp-content\/uploads\/2025\/07\/site-bolsonaro-nega-ter-dito-que-esta-fora-das-eleicoes-de-2026-bolsonaro-presidente-3-260x183.webp 260w\" sizes=\"(max-width: 418px) 100vw, 418px\" \/><\/p>\n<p style=\"text-align: justify;\">O ex-presidente Jair Bolsonaro (PL) publicou um v\u00eddeo nesta 2\u00aa feira para negar informa\u00e7\u00f5es divulgadas pela r\u00e1dio Jovem Pan sobre uma poss\u00edvel desist\u00eancia das elei\u00e7\u00f5es de 2026.<\/p>\n<blockquote><p><span style=\"font-size: 14pt;\"><em>\u201cN\u00e3o procede a informa\u00e7\u00e3o da Jovem Pan de que eu estou fora [do pleito] e querem colocar a Michelle [Bolsonaro] para fora tamb\u00e9m. N\u00e3o existe isso&#8221;. afirmou Bolsonaro.<\/em><\/span><\/p><\/blockquote>\n<p style=\"text-align: justify;\">Reportagem da Jovem Pan afirma que o ex-presidente fez a declara\u00e7\u00e3o em conversa por telefone com o jornalista Bruno Pinheiro.<\/p>\n<blockquote><p><em>\u201cO que Trump quer? Que todos participem da elei\u00e7\u00e3o. A Justi\u00e7a tira da c\u00e9dula eleitoral aquelas pessoas que n\u00e3o interessam para o sistema. Eu estou forafaltam tirar a Michelle, minha esposa. Tudo que n\u00e3o interessa a eles querem tirar\u201d, disse Bolsonaro, segundo a r\u00e1dio.<\/em><\/p><\/blockquote>\n<p style=\"text-align: justify;\">Ele falou ao comentar a tarifa de 50% sobre produtos brasileiros imposta pelo presidente dos Estados Unidos, Donald Trump.<\/p>\n<p style=\"text-align: justify;\">O republicano justificou o processo por tentativa de golpe de Estado contra Bolsonaro como um dos motivos para implementar a taxa ao Brasil.<\/p>\n","protected":false},"excerpt":{"rendered":"<p>O ex-presidente Jair Bolsonaro (PL) publicou um v\u00eddeo nesta 2\u00aa feira para negar informa\u00e7\u00f5es divulgadas pela r\u00e1dio Jovem Pan sobre uma poss\u00edvel desist\u00eancia das elei\u00e7\u00f5es de 2026. \u201cN\u00e3o procede a informa\u00e7\u00e3o da Jovem Pan de que eu estou fora [do pleito] e querem colocar a Michelle [Bolsonaro] para fora tamb\u00e9m. N\u00e3o existe isso&#8221;. afirmou Bolsonaro. [&hellip;]<\/p>\n","protected":false},"author":2,"featured_media":201365,"comment_status":"open","ping_status":"open","sticky":false,"template":"","format":"standard","meta":{"_monsterinsights_skip_tracking":false,"_monsterinsights_sitenote_active":false,"_monsterinsights_sitenote_note":"","_monsterinsights_sitenote_category":0},"categories":[6,30260,30259,12],"tags":[27750,34531,21017,1887,25072],"aioseo_notices":[],"_links":{"self":[{"href":"http:\/\/mspontocom.com.br\/site\/wp-json\/wp\/v2\/posts\/201356"}],"collection":[{"href":"http:\/\/mspontocom.com.br\/site\/wp-json\/wp\/v2\/posts"}],"about":[{"href":"http:\/\/mspontocom.com.br\/site\/wp-json\/wp\/v2\/types\/post"}],"author":[{"embeddable":true,"href":"http:\/\/mspontocom.com.br\/site\/wp-json\/wp\/v2\/users\/2"}],"replies":[{"embeddable":true,"href":"http:\/\/mspontocom.com.br\/site\/wp-json\/wp\/v2\/comments?post=201356"}],"version-history":[{"count":2,"href":"http:\/\/mspontocom.com.br\/site\/wp-json\/wp\/v2\/posts\/201356\/revisions"}],"predecessor-version":[{"id":201366,"href":"http:\/\/mspontocom.com.br\/site\/wp-json\/wp\/v2\/posts\/201356\/revisions\/201366"}],"wp:featuredmedia":[{"embeddable":true,"href":"http:\/\/mspontocom.com.br\/site\/wp-json\/wp\/v2\/media\/201365"}],"wp:attachment":[{"href":"http:\/\/mspontocom.com.br\/site\/wp-json\/wp\/v2\/media?parent=201356"}],"wp:term":[{"taxonomy":"category","embeddable":true,"href":"http:\/\/mspontocom.com.br\/site\/wp-json\/wp\/v2\/categories?post=201356"},{"taxonomy":"post_tag","embeddable":true,"href":"http:\/\/mspontocom.com.br\/site\/wp-json\/wp\/v2\/tags?post=201356"}],"curies":[{"name":"wp","href":"https:\/\/api.w.org\/{rel}","templated":true}]}}