{"id":201358,"date":"2025-07-15T06:38:35","date_gmt":"2025-07-15T10:38:35","guid":{"rendered":"https:\/\/mspontocom.com.br\/site\/?p=201358"},"modified":"2025-07-15T06:38:35","modified_gmt":"2025-07-15T10:38:35","slug":"stf-se-cala-sobre-nova-nota-do-governo-trump-contra-moraes","status":"publish","type":"post","link":"http:\/\/mspontocom.com.br\/site\/stf-se-cala-sobre-nova-nota-do-governo-trump-contra-moraes\/","title":{"rendered":"STF se cala sobre nova nota do governo Trump contra Moraes"},"content":{"rendered":"<p style=\"text-align: justify;\"><img loading=\"lazy\" class=\"alignnone size-full wp-image-201367\" src=\"http:\/\/mspontocom.com.br\/site\/wp-content\/uploads\/2025\/07\/site-stf-se-cala-sobre-nova-nota-do-governo-trump-contra-moraes-trump-x-moraes-1920-x-1080.jpg\" alt=\"\" width=\"1920\" height=\"1080\" srcset=\"http:\/\/mspontocom.com.br\/site\/wp-content\/uploads\/2025\/07\/site-stf-se-cala-sobre-nova-nota-do-governo-trump-contra-moraes-trump-x-moraes-1920-x-1080.jpg 1920w, http:\/\/mspontocom.com.br\/site\/wp-content\/uploads\/2025\/07\/site-stf-se-cala-sobre-nova-nota-do-governo-trump-contra-moraes-trump-x-moraes-1920-x-1080-260x146.jpg 260w, http:\/\/mspontocom.com.br\/site\/wp-content\/uploads\/2025\/07\/site-stf-se-cala-sobre-nova-nota-do-governo-trump-contra-moraes-trump-x-moraes-1920-x-1080-1024x576.jpg 1024w, http:\/\/mspontocom.com.br\/site\/wp-content\/uploads\/2025\/07\/site-stf-se-cala-sobre-nova-nota-do-governo-trump-contra-moraes-trump-x-moraes-1920-x-1080-768x432.jpg 768w, http:\/\/mspontocom.com.br\/site\/wp-content\/uploads\/2025\/07\/site-stf-se-cala-sobre-nova-nota-do-governo-trump-contra-moraes-trump-x-moraes-1920-x-1080-1536x864.jpg 1536w\" sizes=\"(max-width: 1920px) 100vw, 1920px\" \/>O STF informou, nesta segunda-feira que n\u00e3o vai comentar a nota mais recente do governo Donald Trump, que envolve a Corte.<\/p>\n<p style=\"text-align: justify;\">H\u00e1 poucas horas, Darren Beattie, subsecret\u00e1rio de Estado para a Diplomacia P\u00fablica e Assuntos P\u00fablicos dos Estados Unidos (EUA), publicou um post no X, no qual cita nominalmente o ministro<strong> Alexandre de Moraes e o governo Lula.<\/strong><\/p>\n<p style=\"text-align: justify;\">De acordo com Beattie, o juiz do STF e o petista atentam contra a liberdade de express\u00e3o no Brasil. Por isso,\u00a0<strong>Trump imp\u00f4s tarifas no pa\u00eds.<\/strong><\/p>\n<blockquote><p><span style=\"font-size: 14pt;\"><em>\u201cTais ataques s\u00e3o uma vergonha e est\u00e3o muito abaixo da dignidade das tradi\u00e7\u00f5es democr\u00e1ticas do Brasil\u201d, disse Beattie. \u201cAs declara\u00e7\u00f5es do presidente Trump s\u00e3o claras. Estaremos observando atentamente.\u201d<\/em><\/span><\/p><\/blockquote>\n<div class=\"css-1dbjc4n r-18u37iz r-kzbkwu\">\n<div class=\"css-1dbjc4n r-1ny4l3l\">\n<div class=\"css-1dbjc4n r-1adg3ll r-bztko3\" data-testid=\"UserAvatar-Container-UnderSecPD\">\n<div class=\"r-1p0dtai r-1pi2tsx r-1d2f490 r-u8s1d r-ipm5af r-13qz1uu\">\n<div class=\"css-1dbjc4n r-1adg3ll r-1pi2tsx r-1wyvozj r-bztko3 r-u8s1d r-1v2oles r-desppf r-13qz1uu\">\n<div class=\"r-1p0dtai r-1pi2tsx r-1d2f490 r-u8s1d r-ipm5af r-13qz1uu\">\n<div class=\"css-1dbjc4n r-sdzlij r-ggadg3 r-1udh08x r-u8s1d r-8jfcpp\">\n<div class=\"css-1dbjc4n r-sdzlij r-1wyvozj r-1udh08x r-u8s1d r-1v2oles r-desppf\">\n<div class=\"css-1dbjc4n r-12181gd r-1pi2tsx r-1ny4l3l r-o7ynqc r-6416eg r-13qz1uu\"><\/div>\n<\/div>\n<\/div>\n<\/div>\n<\/div>\n<\/div>\n<\/div>\n<\/div>\n<div class=\"css-1dbjc4n r-eqz5dr r-1777fci r-4amgru r-1kh6xel\">\n<div class=\"css-1dbjc4n r-1ny4l3l\">\n<div class=\"css-1dbjc4n r-1wbh5a2 r-dnmrzs r-1ny4l3l\">\n<div class=\"css-1dbjc4n r-1wbh5a2 r-dnmrzs r-1ny4l3l\">\n<div class=\"css-1dbjc4n r-1awozwy r-18u37iz r-dnmrzs\">\n<div class=\"css-901oao r-1awozwy r-18jsvk2 r-6koalj r-1qd0xha r-a023e6 r-b88u0q r-rjixqe r-bcqeeo r-1udh08x r-3s2u2q r-qvutc0\" dir=\"auto\"><span class=\"css-901oao css-16my406 css-1hf3ou5 r-poiln3 r-bcqeeo r-qvutc0\"><span class=\"css-901oao css-16my406 r-poiln3 r-bcqeeo r-qvutc0\">Senior Official for Public Diplomacy<\/span><\/span><\/div>\n<div class=\"css-901oao r-18jsvk2 r-xoduu5 r-18u37iz r-1q142lx r-1qd0xha r-a023e6 r-16dba41 r-rjixqe r-bcqeeo r-qvutc0\" dir=\"auto\">\n<div class=\"css-1dbjc4n r-1loqt21 r-xoduu5 r-1777fci r-13hce6t r-a5pmau r-1ny4l3l\" tabindex=\"0\" role=\"link\">\n<div class=\"css-1dbjc4n r-4qtqp9 r-p3p4p0 r-hm2b0w r-bnwqim\">\n<div class=\"css-1dbjc4n r-1adg3ll r-1udh08x\">\n<div class=\"r-1adg3ll r-13qz1uu\"><\/div>\n<div class=\"r-1p0dtai r-1pi2tsx r-1d2f490 r-u8s1d r-ipm5af r-13qz1uu\">\n<div class=\"css-1dbjc4n r-1ets6dv r-rs99b7 r-6koalj r-1mlwlqe r-1pi2tsx r-1udh08x r-13qz1uu r-417010\">\n<div class=\"css-1dbjc4n r-1niwhzg r-vvn4in r-u6sd8q r-4gszlv r-1p0dtai r-xoduu5 r-1pi2tsx r-1d2f490 r-u8s1d r-zchlnj r-ipm5af r-13qz1uu r-1wyyakw\"><\/div>\n<p><img class=\"css-9pa8cd\" draggable=\"false\" src=\"https:\/\/pbs.twimg.com\/profile_images\/1883303881632804864\/d638Kku-_bigger.jpg\" alt=\"\" \/><\/p>\n<\/div>\n<\/div>\n<\/div>\n<\/div>\n<\/div>\n<\/div>\n<\/div>\n<div class=\"css-1dbjc4n r-1awozwy r-18u37iz r-1wbh5a2\">\n<div class=\"css-1dbjc4n\">\n<div class=\"css-901oao css-1hf3ou5 r-14j79pv r-18u37iz r-1qd0xha r-1wvb978 r-a023e6 r-16dba41 r-rjixqe r-bcqeeo r-qvutc0\" dir=\"ltr\"><span class=\"css-901oao css-16my406 r-poiln3 r-bcqeeo r-qvutc0\">@UnderSecPD<\/span><\/div>\n<\/div>\n<div class=\"css-1dbjc4n r-18u37iz r-1q142lx\">\n<div class=\"css-901oao r-14j79pv r-1q142lx r-1qd0xha r-a023e6 r-16dba41 r-rjixqe r-bcqeeo r-s1qlax r-qvutc0\" dir=\"auto\" aria-hidden=\"true\"><span class=\"css-901oao css-16my406 r-poiln3 r-bcqeeo r-qvutc0\">\u00b7<\/span><\/div>\n<\/div>\n<\/div>\n<\/div>\n<\/div>\n<\/div>\n<\/div>\n<\/div>\n<div class=\"css-1dbjc4n\">\n<div class=\"css-901oao r-18jsvk2 r-1dqbpge r-1qd0xha r-adyw6z r-16dba41 r-135wba7 r-bcqeeo r-bnwqim r-qvutc0\" dir=\"auto\" lang=\"en\" data-testid=\"tweetText\"><span class=\"css-901oao css-16my406 r-poiln3 r-bcqeeo r-qvutc0\">President Trump sent a letter imposing long-overdue consequences on de Moraes&#8217; supreme court and Lula&#8217;s government for their attacks on Jair Bolsonaro, freedom of expression, and American trade. Such attacks are a disgrace and fall well below the dignity of Brazil&#8217;s democratic<\/span><\/div>\n<\/div>\n","protected":false},"excerpt":{"rendered":"<p>O STF informou, nesta segunda-feira que n\u00e3o vai comentar a nota mais recente do governo Donald Trump, que envolve a Corte. H\u00e1 poucas horas, Darren Beattie, subsecret\u00e1rio de Estado para a Diplomacia P\u00fablica e Assuntos P\u00fablicos dos Estados Unidos (EUA), publicou um post no X, no qual cita nominalmente o ministro Alexandre de Moraes e [&hellip;]<\/p>\n","protected":false},"author":2,"featured_media":201367,"comment_status":"open","ping_status":"open","sticky":false,"template":"","format":"standard","meta":{"_monsterinsights_skip_tracking":false,"_monsterinsights_sitenote_active":false,"_monsterinsights_sitenote_note":"","_monsterinsights_sitenote_category":0},"categories":[6,30260,2528,30259,12],"tags":[43261,78,35247,21764,3014,28326],"aioseo_notices":[],"_links":{"self":[{"href":"http:\/\/mspontocom.com.br\/site\/wp-json\/wp\/v2\/posts\/201358"}],"collection":[{"href":"http:\/\/mspontocom.com.br\/site\/wp-json\/wp\/v2\/posts"}],"about":[{"href":"http:\/\/mspontocom.com.br\/site\/wp-json\/wp\/v2\/types\/post"}],"author":[{"embeddable":true,"href":"http:\/\/mspontocom.com.br\/site\/wp-json\/wp\/v2\/users\/2"}],"replies":[{"embeddable":true,"href":"http:\/\/mspontocom.com.br\/site\/wp-json\/wp\/v2\/comments?post=201358"}],"version-history":[{"count":2,"href":"http:\/\/mspontocom.com.br\/site\/wp-json\/wp\/v2\/posts\/201358\/revisions"}],"predecessor-version":[{"id":201368,"href":"http:\/\/mspontocom.com.br\/site\/wp-json\/wp\/v2\/posts\/201358\/revisions\/201368"}],"wp:featuredmedia":[{"embeddable":true,"href":"http:\/\/mspontocom.com.br\/site\/wp-json\/wp\/v2\/media\/201367"}],"wp:attachment":[{"href":"http:\/\/mspontocom.com.br\/site\/wp-json\/wp\/v2\/media?parent=201358"}],"wp:term":[{"taxonomy":"category","embeddable":true,"href":"http:\/\/mspontocom.com.br\/site\/wp-json\/wp\/v2\/categories?post=201358"},{"taxonomy":"post_tag","embeddable":true,"href":"http:\/\/mspontocom.com.br\/site\/wp-json\/wp\/v2\/tags?post=201358"}],"curies":[{"name":"wp","href":"https:\/\/api.w.org\/{rel}","templated":true}]}}