{"id":201360,"date":"2025-07-15T06:51:11","date_gmt":"2025-07-15T10:51:11","guid":{"rendered":"https:\/\/mspontocom.com.br\/site\/?p=201360"},"modified":"2025-07-15T09:22:03","modified_gmt":"2025-07-15T13:22:03","slug":"enquanto-pt-pedeimpostos-aos-ricos-lulinha-e-cobrado-por-sonegacao","status":"publish","type":"post","link":"http:\/\/mspontocom.com.br\/site\/enquanto-pt-pedeimpostos-aos-ricos-lulinha-e-cobrado-por-sonegacao\/","title":{"rendered":"Enquanto PT pede mais impostos aos ricos, Lulinha \u00e9 cobrado por sonega\u00e7\u00e3o"},"content":{"rendered":"<p style=\"text-align: justify;\"><img loading=\"lazy\" class=\"alignnone size-full wp-image-201369\" src=\"http:\/\/mspontocom.com.br\/site\/wp-content\/uploads\/2025\/07\/site-enquanto-pt-pede-mais-impostos-aos-ricos-lulinha-segue-alvo-de-cobranca-por-sonegacao-lulinha.jpeg\" alt=\"\" width=\"1200\" height=\"675\" srcset=\"http:\/\/mspontocom.com.br\/site\/wp-content\/uploads\/2025\/07\/site-enquanto-pt-pede-mais-impostos-aos-ricos-lulinha-segue-alvo-de-cobranca-por-sonegacao-lulinha.jpeg 1200w, http:\/\/mspontocom.com.br\/site\/wp-content\/uploads\/2025\/07\/site-enquanto-pt-pede-mais-impostos-aos-ricos-lulinha-segue-alvo-de-cobranca-por-sonegacao-lulinha-260x146.jpeg 260w, http:\/\/mspontocom.com.br\/site\/wp-content\/uploads\/2025\/07\/site-enquanto-pt-pede-mais-impostos-aos-ricos-lulinha-segue-alvo-de-cobranca-por-sonegacao-lulinha-1024x576.jpeg 1024w, http:\/\/mspontocom.com.br\/site\/wp-content\/uploads\/2025\/07\/site-enquanto-pt-pede-mais-impostos-aos-ricos-lulinha-segue-alvo-de-cobranca-por-sonegacao-lulinha-768x432.jpeg 768w\" sizes=\"(max-width: 1200px) 100vw, 1200px\" \/>Enquanto o\u00a0<strong>PT intensifica a campanha por uma maior tributa\u00e7\u00e3o dos ricos<\/strong>, a PGFN\u00a0segue tentando\u00a0<strong>manter cobran\u00e7as fiscais contra F\u00e1bio Lu\u00eds Lula\u00a0da Silva<\/strong>, o\u00a0<strong>Lulinha<\/strong>, filho mais velho do presidente Lula.<\/p>\n<p style=\"text-align: justify;\">\u00a0A informa\u00e7\u00e3o \u00e9 do jornal\u00a0<em>O Estado de S.Paulo<\/em>.<\/p>\n<p style=\"text-align: justify;\">Lulinha foi\u00a0<strong>investigado pela Receita Federal<\/strong>\u00a0por ter recebido\u00a0<strong>cerca de R$132 milh\u00f5es <\/strong>da operadora Oi, por meio da empresa\u00a0Gamecorp, entre\u00a02004 e 2016, durante os\u00a0governos Lula e Dilma Rousseff.<\/p>\n<p style=\"text-align: justify;\">Segundo a\u00a0<strong>for\u00e7a-tarefa da Lava Jato<\/strong>, o empres\u00e1rio teria\u00a0<strong>ocultado rendimentos<\/strong>\u00a0e feito\u00a0repasses a empresas sem comprovar presta\u00e7\u00e3o de servi\u00e7os.<\/p>\n<h3 id=\"h-anulacao-do-processo-penal-mas-nao-da-cobranca-fiscal\" class=\"wp-block-heading\" style=\"text-align: justify;\"><span style=\"font-size: 18pt;\">Anula\u00e7\u00e3o do processo penal, mas n\u00e3o da cobran\u00e7a fiscal<\/span><\/h3>\n<p style=\"text-align: justify;\">Na \u00e1rea criminal, o <strong>STF<\/strong>\u00a0considerou o\u00a0<strong>ex-juiz Sergio Moro\u00a0suspeito<\/strong>, e\u00a0anulou os processos penais\u00a0contra Lulinha por tramitarem na\u00a0Justi\u00e7a Federal de Curitiba, considerada incompetente para os casos.<\/p>\n<p style=\"text-align: justify;\">Contudo, a\u00a0<strong>Receita Federal manteve seis autos de infra\u00e7\u00e3o<\/strong>\u00a0contra ele, somando mais de\u00a0R$10 milh\u00f5es.<\/p>\n<h3 id=\"h-suspensao-judicial-e-defesa-de-lulinha\" class=\"wp-block-heading\" style=\"text-align: justify;\"><span style=\"font-size: 18pt;\">Suspens\u00e3o judicial e defesa de Lulinha<\/span><\/h3>\n<p style=\"text-align: justify;\">Em\u00a0mar\u00e7o de 2024, o juiz\u00a0Diego C\u00e2mara, da\u00a017\u00aa Vara do Distrito Federal,\u00a0<strong>suspendeu temporariamente a cobran\u00e7a fiscal<\/strong>, com base em\u00a0<strong>decis\u00f5es do STF<\/strong>\u00a0que anularam os atos da Lava Jato.<\/p>\n","protected":false},"excerpt":{"rendered":"<p>Enquanto o\u00a0PT intensifica a campanha por uma maior tributa\u00e7\u00e3o dos ricos, a PGFN\u00a0segue tentando\u00a0manter cobran\u00e7as fiscais contra F\u00e1bio Lu\u00eds Lula\u00a0da Silva, o\u00a0Lulinha, filho mais velho do presidente Lula. \u00a0A informa\u00e7\u00e3o \u00e9 do jornal\u00a0O Estado de S.Paulo. Lulinha foi\u00a0investigado pela Receita Federal\u00a0por ter recebido\u00a0cerca de R$132 milh\u00f5es da operadora Oi, por meio da empresa\u00a0Gamecorp, entre\u00a02004 e [&hellip;]<\/p>\n","protected":false},"author":2,"featured_media":201369,"comment_status":"open","ping_status":"open","sticky":false,"template":"","format":"standard","meta":{"_monsterinsights_skip_tracking":false,"_monsterinsights_sitenote_active":false,"_monsterinsights_sitenote_note":"","_monsterinsights_sitenote_category":0},"categories":[6,30260,15,2528,30259,12],"tags":[515,22734,533,17872,29201],"aioseo_notices":[],"_links":{"self":[{"href":"http:\/\/mspontocom.com.br\/site\/wp-json\/wp\/v2\/posts\/201360"}],"collection":[{"href":"http:\/\/mspontocom.com.br\/site\/wp-json\/wp\/v2\/posts"}],"about":[{"href":"http:\/\/mspontocom.com.br\/site\/wp-json\/wp\/v2\/types\/post"}],"author":[{"embeddable":true,"href":"http:\/\/mspontocom.com.br\/site\/wp-json\/wp\/v2\/users\/2"}],"replies":[{"embeddable":true,"href":"http:\/\/mspontocom.com.br\/site\/wp-json\/wp\/v2\/comments?post=201360"}],"version-history":[{"count":2,"href":"http:\/\/mspontocom.com.br\/site\/wp-json\/wp\/v2\/posts\/201360\/revisions"}],"predecessor-version":[{"id":201370,"href":"http:\/\/mspontocom.com.br\/site\/wp-json\/wp\/v2\/posts\/201360\/revisions\/201370"}],"wp:featuredmedia":[{"embeddable":true,"href":"http:\/\/mspontocom.com.br\/site\/wp-json\/wp\/v2\/media\/201369"}],"wp:attachment":[{"href":"http:\/\/mspontocom.com.br\/site\/wp-json\/wp\/v2\/media?parent=201360"}],"wp:term":[{"taxonomy":"category","embeddable":true,"href":"http:\/\/mspontocom.com.br\/site\/wp-json\/wp\/v2\/categories?post=201360"},{"taxonomy":"post_tag","embeddable":true,"href":"http:\/\/mspontocom.com.br\/site\/wp-json\/wp\/v2\/tags?post=201360"}],"curies":[{"name":"wp","href":"https:\/\/api.w.org\/{rel}","templated":true}]}}