{"id":201423,"date":"2025-07-17T06:32:05","date_gmt":"2025-07-17T10:32:05","guid":{"rendered":"https:\/\/mspontocom.com.br\/site\/?p=201423"},"modified":"2025-07-17T06:32:05","modified_gmt":"2025-07-17T10:32:05","slug":"dados-da-pesquisa-genial-quaest-sao-desastrosos-para-lula","status":"publish","type":"post","link":"http:\/\/mspontocom.com.br\/site\/dados-da-pesquisa-genial-quaest-sao-desastrosos-para-lula\/","title":{"rendered":"Dados da pesquisa Genial\/Quaest s\u00e3o desastrosos para Lula"},"content":{"rendered":"<p style=\"text-align: justify;\"><img loading=\"lazy\" class=\"alignnone size-full wp-image-201438\" src=\"http:\/\/mspontocom.com.br\/site\/wp-content\/uploads\/2025\/07\/site-dados-da-pesquisa-genialquaest-e-desastrosa-para-lula-lula-desespero.png\" alt=\"\" width=\"977\" height=\"645\" srcset=\"http:\/\/mspontocom.com.br\/site\/wp-content\/uploads\/2025\/07\/site-dados-da-pesquisa-genialquaest-e-desastrosa-para-lula-lula-desespero.png 977w, http:\/\/mspontocom.com.br\/site\/wp-content\/uploads\/2025\/07\/site-dados-da-pesquisa-genialquaest-e-desastrosa-para-lula-lula-desespero-260x172.png 260w, http:\/\/mspontocom.com.br\/site\/wp-content\/uploads\/2025\/07\/site-dados-da-pesquisa-genialquaest-e-desastrosa-para-lula-lula-desespero-768x507.png 768w\" sizes=\"(max-width: 977px) 100vw, 977px\" \/>Pesquisa Genial\/ Quaest divulgada nesta quarta apontou um ligeiro aumento da aprova\u00e7\u00e3o do governo Lula, de 40% em mar\u00e7o para 43% em julho.<\/p>\n<p style=\"text-align: justify;\">A desaprova\u00e7\u00e3o caiu de 57% para 53% no mesmo per\u00edodo.<\/p>\n<div class=\"ad-wrapper-div\">\n<div id=\"ad_paragraph_1\" style=\"text-align: justify;\" data-google-query-id=\"CNuXiYzMw44DFdGEYQYdG_YSqg\">A melhora no cen\u00e1rio pode ser explicada pela rea\u00e7\u00e3o presidencial ao tarifa\u00e7o de Donald Trump.<\/div>\n<div data-google-query-id=\"CNuXiYzMw44DFdGEYQYdG_YSqg\">\n<p style=\"text-align: justify;\">Mas outros dados da mesma pesquisa mostram que a situa\u00e7\u00e3o n\u00e3o est\u00e1 nada f\u00e1cil para o governo.<\/p>\n<blockquote><p><em>\u201cEssa pesquisa \u00e9 muito ruim para o governo\u201c, diz o cientista pol\u00edtico\u00a0<a href=\"https:\/\/crusoe.com.br\/author\/leonardobarreto\/\">Leonardo Barreto<\/a>, colunista de\u00a0<strong>Cruso\u00e9<\/strong>\u00a0e s\u00f3cio da\u00a0<a href=\"https:\/\/thinkpolicy.com.br\/\">ThinkPolicy<\/a>.<\/em><\/p><\/blockquote>\n<p style=\"text-align: justify;\">Pela primeira vez, os brasileiros est\u00e3o <strong>mais pessimistas que otimistas<\/strong>\u00a0em rela\u00e7\u00e3o ao futuro da economia.<\/p>\n<p style=\"text-align: justify;\">Em julho, 43% disseram que a economia tende a piorar nos pr\u00f3ximos doze meses.<\/p>\n<p style=\"text-align: justify;\">Outros 35% afirmaram que ir\u00e1 melhorar.<\/p>\n<p style=\"text-align: justify;\">Em maio, o dado era invertido: 45% estavam otimistas e 30%, pessimistas.<\/p>\n<p style=\"text-align: justify;\"><strong>O des\u00e2nimo \u00e9 geral:<\/strong> 56% acham que est\u00e1 mais dif\u00edcil conseguir emprego hoje que h\u00e1 um ano; 80% pensam que o poder de compra do brasileiro piorou em um ano.<\/p>\n<p style=\"text-align: justify;\">Lula e os bolsonaristas est\u00e3o disputando entre si quem deve ser responsabilizado se as tarifas vierem mesmo a ser implementadas.<\/p>\n<p style=\"text-align: justify;\"><strong>Mas os eleitores tendem a culpar o governo federal quando percebem uma piora na condi\u00e7\u00e3o de vida.<\/strong><\/p>\n<p style=\"text-align: justify;\">Segundo a Genial\/Quaest, cerca de 26% dos entrevistados atribuem o an\u00fancio de tarifas por parte de Trump \u00e0s falas de Lula durante encontro dos Brics.<\/p>\n<blockquote><p>\u201c<em>Esse dado \u00e9 horroroso para o governo.\u00a0<strong>Lula \u00e9 visto como a pessoa que provocou uma crise, a qual 80% dos brasileiros acham que ser\u00e1 ruim<\/strong><\/em>\u201c, diz Barreto.<\/p><\/blockquote>\n<h2 id=\"h-na-direcao-contraria\" class=\"wp-block-heading\" style=\"text-align: justify;\">Na dire\u00e7\u00e3o contr\u00e1ria<\/h2>\n<p style=\"text-align: justify;\">As estrat\u00e9gias adotadas pelo governo petista sob a orienta\u00e7\u00e3o de Sid\u00f4nio Palmeira, ministro da Secretaria de Comunica\u00e7\u00e3o do governo (Secom), foram <strong>reprovadas<\/strong> pela popula\u00e7\u00e3o:<\/p>\n<ul style=\"text-align: justify;\">\n<li>53% dos brasileiros s\u00e3o contra o discurso lulista que coloca ricos contra pobres, por achar que cria mais briga e polariza\u00e7\u00e3o no pa\u00eds.<\/li>\n<li>79% acreditam que o conflito entre o governo e o Congresso mais atrapalha do que ajuda.<\/li>\n<\/ul>\n<p style=\"text-align: justify;\">fonte: Revista Cruso\u00e9<\/p>\n<\/div>\n<\/div>\n","protected":false},"excerpt":{"rendered":"<p>Pesquisa Genial\/ Quaest divulgada nesta quarta apontou um ligeiro aumento da aprova\u00e7\u00e3o do governo Lula, de 40% em mar\u00e7o para 43% em julho. A desaprova\u00e7\u00e3o caiu de 57% para 53% no mesmo per\u00edodo. A melhora no cen\u00e1rio pode ser explicada pela rea\u00e7\u00e3o presidencial ao tarifa\u00e7o de Donald Trump. Mas outros dados da mesma pesquisa mostram [&hellip;]<\/p>\n","protected":false},"author":2,"featured_media":201438,"comment_status":"open","ping_status":"open","sticky":false,"template":"","format":"standard","meta":{"_monsterinsights_skip_tracking":false,"_monsterinsights_sitenote_active":false,"_monsterinsights_sitenote_note":"","_monsterinsights_sitenote_category":0},"categories":[6,30260,30259,12],"tags":[43274,43273,480,733],"aioseo_notices":[],"_links":{"self":[{"href":"http:\/\/mspontocom.com.br\/site\/wp-json\/wp\/v2\/posts\/201423"}],"collection":[{"href":"http:\/\/mspontocom.com.br\/site\/wp-json\/wp\/v2\/posts"}],"about":[{"href":"http:\/\/mspontocom.com.br\/site\/wp-json\/wp\/v2\/types\/post"}],"author":[{"embeddable":true,"href":"http:\/\/mspontocom.com.br\/site\/wp-json\/wp\/v2\/users\/2"}],"replies":[{"embeddable":true,"href":"http:\/\/mspontocom.com.br\/site\/wp-json\/wp\/v2\/comments?post=201423"}],"version-history":[{"count":3,"href":"http:\/\/mspontocom.com.br\/site\/wp-json\/wp\/v2\/posts\/201423\/revisions"}],"predecessor-version":[{"id":201440,"href":"http:\/\/mspontocom.com.br\/site\/wp-json\/wp\/v2\/posts\/201423\/revisions\/201440"}],"wp:featuredmedia":[{"embeddable":true,"href":"http:\/\/mspontocom.com.br\/site\/wp-json\/wp\/v2\/media\/201438"}],"wp:attachment":[{"href":"http:\/\/mspontocom.com.br\/site\/wp-json\/wp\/v2\/media?parent=201423"}],"wp:term":[{"taxonomy":"category","embeddable":true,"href":"http:\/\/mspontocom.com.br\/site\/wp-json\/wp\/v2\/categories?post=201423"},{"taxonomy":"post_tag","embeddable":true,"href":"http:\/\/mspontocom.com.br\/site\/wp-json\/wp\/v2\/tags?post=201423"}],"curies":[{"name":"wp","href":"https:\/\/api.w.org\/{rel}","templated":true}]}}