{"id":201425,"date":"2025-07-17T06:20:09","date_gmt":"2025-07-17T10:20:09","guid":{"rendered":"https:\/\/mspontocom.com.br\/site\/?p=201425"},"modified":"2025-07-17T06:20:09","modified_gmt":"2025-07-17T10:20:09","slug":"iof-e-o-minha-taxa-minha-vida-de-lula-diz-oposicao","status":"publish","type":"post","link":"http:\/\/mspontocom.com.br\/site\/iof-e-o-minha-taxa-minha-vida-de-lula-diz-oposicao\/","title":{"rendered":"IOF \u00e9 o \u201cMinha Taxa Minha Vida\u201d de Lula, diz oposi\u00e7\u00e3o"},"content":{"rendered":"<p style=\"text-align: justify;\"><img loading=\"lazy\" class=\"alignnone size-full wp-image-201436\" src=\"http:\/\/mspontocom.com.br\/site\/wp-content\/uploads\/2025\/07\/site-iof-e-o-minha-taxa-minha-vida-de-lula-diz-oposicao-lula-dinheiro.jpg\" alt=\"\" width=\"800\" height=\"500\" srcset=\"http:\/\/mspontocom.com.br\/site\/wp-content\/uploads\/2025\/07\/site-iof-e-o-minha-taxa-minha-vida-de-lula-diz-oposicao-lula-dinheiro.jpg 800w, http:\/\/mspontocom.com.br\/site\/wp-content\/uploads\/2025\/07\/site-iof-e-o-minha-taxa-minha-vida-de-lula-diz-oposicao-lula-dinheiro-260x163.jpg 260w, http:\/\/mspontocom.com.br\/site\/wp-content\/uploads\/2025\/07\/site-iof-e-o-minha-taxa-minha-vida-de-lula-diz-oposicao-lula-dinheiro-768x480.jpg 768w\" sizes=\"(max-width: 800px) 100vw, 800px\" \/>O senador de<strong> oposi\u00e7\u00e3o ao governo Lula<\/strong>,\u00a0 Ciro Nogueira (PP-PI) criticou a decis\u00e3o do ministro do STF\u00a0 Alexandre de Moraes em manter o decreto do governo do presidente que aumentou o IOF.<\/p>\n<p style=\"text-align: justify;\">\u00a0Nogueira declarou ser <strong>\u201cmais um dia triste para os brasileiros\u201d<\/strong> e que a volta do aumento do imposto \u00e9 o <strong>\u201cMinha Taxa Minha Vida\u201d<\/strong>, o que ele declarou ser o \u201c\u00fanico\u201d programa criado durante o 3\u00ba mandato do petista.<\/p>\n<p style=\"text-align: justify;\">O senador afirma:<\/p>\n<blockquote><p><em> \u201cO governo inteiro se mobiliza para ir ao STF n\u00e3o para defender os pagadores de impostos, mas para aumentar impostos. \u00c9 lament\u00e1vel que o governo tenha adotado mais esse expediente para impor sacrif\u00edcios \u00e0 sociedade. \u00c9 o Minha Taxa Minha Vida, o \u00fanico programa novo do Lula 3\u201d.<\/em><\/p><\/blockquote>\n<p style=\"text-align: justify;\"><span style=\"font-size: 18pt;\"><strong>MORAES DESMORALIZA O CONGRESSO<\/strong><\/span><\/p>\n<p style=\"text-align: justify;\">O ministro Alexandre de Moraes decidiu manter o decreto do governo Lula que aumentou o IOF com exce\u00e7\u00e3o da cobran\u00e7a sobre risco sacado.<\/p>\n<p style=\"text-align: justify;\">A decis\u00e3o foi publicada\u00a0 um dia depois do encerramento sem acordo da concilia\u00e7\u00e3o entre o governo federal e o Congresso Nacional.<\/p>\n<p style=\"text-align: justify;\">Na decis\u00e3o, <strong>Moraes rejeitou os argumentos apresentados pela C\u00e2mara e pelo Senado.<\/strong><\/p>\n","protected":false},"excerpt":{"rendered":"<p>O senador de oposi\u00e7\u00e3o ao governo Lula,\u00a0 Ciro Nogueira (PP-PI) criticou a decis\u00e3o do ministro do STF\u00a0 Alexandre de Moraes em manter o decreto do governo do presidente que aumentou o IOF. \u00a0Nogueira declarou ser \u201cmais um dia triste para os brasileiros\u201d e que a volta do aumento do imposto \u00e9 o \u201cMinha Taxa Minha [&hellip;]<\/p>\n","protected":false},"author":2,"featured_media":201436,"comment_status":"open","ping_status":"open","sticky":false,"template":"","format":"standard","meta":{"_monsterinsights_skip_tracking":false,"_monsterinsights_sitenote_active":false,"_monsterinsights_sitenote_note":"","_monsterinsights_sitenote_category":0},"categories":[6,30260,15,30259,12],"tags":[3574,43272,1285,4285],"aioseo_notices":[],"_links":{"self":[{"href":"http:\/\/mspontocom.com.br\/site\/wp-json\/wp\/v2\/posts\/201425"}],"collection":[{"href":"http:\/\/mspontocom.com.br\/site\/wp-json\/wp\/v2\/posts"}],"about":[{"href":"http:\/\/mspontocom.com.br\/site\/wp-json\/wp\/v2\/types\/post"}],"author":[{"embeddable":true,"href":"http:\/\/mspontocom.com.br\/site\/wp-json\/wp\/v2\/users\/2"}],"replies":[{"embeddable":true,"href":"http:\/\/mspontocom.com.br\/site\/wp-json\/wp\/v2\/comments?post=201425"}],"version-history":[{"count":2,"href":"http:\/\/mspontocom.com.br\/site\/wp-json\/wp\/v2\/posts\/201425\/revisions"}],"predecessor-version":[{"id":201437,"href":"http:\/\/mspontocom.com.br\/site\/wp-json\/wp\/v2\/posts\/201425\/revisions\/201437"}],"wp:featuredmedia":[{"embeddable":true,"href":"http:\/\/mspontocom.com.br\/site\/wp-json\/wp\/v2\/media\/201436"}],"wp:attachment":[{"href":"http:\/\/mspontocom.com.br\/site\/wp-json\/wp\/v2\/media?parent=201425"}],"wp:term":[{"taxonomy":"category","embeddable":true,"href":"http:\/\/mspontocom.com.br\/site\/wp-json\/wp\/v2\/categories?post=201425"},{"taxonomy":"post_tag","embeddable":true,"href":"http:\/\/mspontocom.com.br\/site\/wp-json\/wp\/v2\/tags?post=201425"}],"curies":[{"name":"wp","href":"https:\/\/api.w.org\/{rel}","templated":true}]}}