{"id":201458,"date":"2025-07-18T05:30:47","date_gmt":"2025-07-18T09:30:47","guid":{"rendered":"https:\/\/mspontocom.com.br\/site\/?p=201458"},"modified":"2025-07-18T05:30:47","modified_gmt":"2025-07-18T09:30:47","slug":"radicalizacao-do-discurso-do-pt-e-reflexo-do-desespero","status":"publish","type":"post","link":"http:\/\/mspontocom.com.br\/site\/radicalizacao-do-discurso-do-pt-e-reflexo-do-desespero\/","title":{"rendered":"Radicaliza\u00e7\u00e3o do discurso do PT \u00e9 reflexo do desespero"},"content":{"rendered":"<p style=\"text-align: justify;\"><img loading=\"lazy\" class=\"alignnone size-full wp-image-201466\" src=\"http:\/\/mspontocom.com.br\/site\/wp-content\/uploads\/2025\/07\/site-radicalizacao-do-discurso-do-pt-e-reflexo-do-desespero-lularaiva.jpg\" alt=\"\" width=\"1200\" height=\"720\" srcset=\"http:\/\/mspontocom.com.br\/site\/wp-content\/uploads\/2025\/07\/site-radicalizacao-do-discurso-do-pt-e-reflexo-do-desespero-lularaiva.jpg 1200w, http:\/\/mspontocom.com.br\/site\/wp-content\/uploads\/2025\/07\/site-radicalizacao-do-discurso-do-pt-e-reflexo-do-desespero-lularaiva-260x156.jpg 260w, http:\/\/mspontocom.com.br\/site\/wp-content\/uploads\/2025\/07\/site-radicalizacao-do-discurso-do-pt-e-reflexo-do-desespero-lularaiva-1024x614.jpg 1024w, http:\/\/mspontocom.com.br\/site\/wp-content\/uploads\/2025\/07\/site-radicalizacao-do-discurso-do-pt-e-reflexo-do-desespero-lularaiva-768x461.jpg 768w\" sizes=\"(max-width: 1200px) 100vw, 1200px\" \/>Na Edi\u00e7\u00e3o 277 da Revista\u00a0<strong>Oeste<\/strong>, a rep\u00f3rter Rachel D\u00edaz fala sobre a radicaliza\u00e7\u00e3o do discurso da esquerda nas redes sociais, observado nas \u00faltimas semanas.<\/p>\n<p style=\"text-align: justify;\">No artigo\u00a0<em>Mil\u00edcia digital sem freio<\/em>, Rachel explica que a dissemina\u00e7\u00e3o de narrativas favor\u00e1veis ao PT no ambiente digital n\u00e3o \u00e9 algo novo.<\/p>\n<p style=\"text-align: justify;\">A jornalista tamb\u00e9m avalia que, diante do<strong> desespero do governo Lula<\/strong> para se manter relevante, o tom deve ficar ainda mais agressivo.<\/p>\n<h2 id=\"h-leia-um-trecho-do-artigo-de-rachel-diaz-sobre-a-radicalizacao-do-discurso-do-pt-nas-redes-sociais\" class=\"wp-block-heading\" style=\"text-align: justify;\">Leia um trecho do artigo de Rachel D\u00edaz sobre a radicaliza\u00e7\u00e3o do discurso do PT nas redes sociais<\/h2>\n<p style=\"text-align: justify;\">\u201c<em>O tom hostil, as ofensas e a ret\u00f3rica bin\u00e1ria do \u201cn\u00f3s contra eles\u201d n\u00e3o s\u00e3o novidade, mas chegaram a tal ponto que mesmo a velha imprensa n\u00e3o pode mais ignorar. A f\u00f3rmula, no entanto, vem de longe. A chamada milit\u00e2ncia digital \u2014 ou, como viraram sin\u00f4nimos, \u201cmil\u00edcia digital\u201d ou \u201cgabinete do \u00f3dio\u201d \u2014 \u00e9 uma inven\u00e7\u00e3o petista.<\/em><\/p>\n<p style=\"text-align: justify;\"><em>As cr\u00edticas \u00e0 atua\u00e7\u00e3o nas redes sociais se intensificaram durante o governo de Jair Bolsonaro (PL), quando aliados do PT acusavam o ent\u00e3o presidente de comandar um \u201cgabinete do \u00f3dio\u201d \u2014 uma estrutura dedicada a atacar advers\u00e1rios e espalhar fake news. A acusa\u00e7\u00e3o ganhou manchetes, CPI e esc\u00e2ndalo, mas at\u00e9 hoje nada foi comprovado. A estrutura, na pr\u00e1tica, nunca apareceu.<\/em><\/p>\n<p style=\"text-align: justify;\"><em>Ironicamente, muito antes do boom das redes sociais, o PT j\u00e1 dominava bem a l\u00f3gica da comunica\u00e7\u00e3o digital. Quando os blogs ainda eram a principal vitrine pol\u00edtica da internet, o partido montou seu pr\u00f3prio ecossistema de ve\u00edculos simp\u00e1ticos \u00e0 esquerda. Durante o governo Dilma Rousseff, empresas estatais destinaram milh\u00f5es para os chamados \u201cblogs sujos\u201d, termo cunhado em 2010 por Jos\u00e9 Serra para se referir aos blogs que eram assumidamente afei\u00e7oados ao PT.<\/em><\/p>\n<p style=\"text-align: justify;\"><em>(\u2026) \u00c0 imprensa, o partido confirmou que pretende manter a estrat\u00e9gia, surfando na rara vit\u00f3ria digital sem mexer no tom. O que antes era pr\u00e1tica de bastidor virou diretriz oficial: o PT agora incentiva abertamente o uso de ataques diretos e argumentos exagerados como ferramenta de propaganda \u2014 mesmo que o sucesso venha no grito, pelo esc\u00e2ndalo, e n\u00e3o pela raz\u00e3o.\u201d<\/em><\/p>\n<p style=\"text-align: justify;\">\n","protected":false},"excerpt":{"rendered":"<p>Na Edi\u00e7\u00e3o 277 da Revista\u00a0Oeste, a rep\u00f3rter Rachel D\u00edaz fala sobre a radicaliza\u00e7\u00e3o do discurso da esquerda nas redes sociais, observado nas \u00faltimas semanas. No artigo\u00a0Mil\u00edcia digital sem freio, Rachel explica que a dissemina\u00e7\u00e3o de narrativas favor\u00e1veis ao PT no ambiente digital n\u00e3o \u00e9 algo novo. A jornalista tamb\u00e9m avalia que, diante do desespero do [&hellip;]<\/p>\n","protected":false},"author":2,"featured_media":201466,"comment_status":"open","ping_status":"open","sticky":false,"template":"","format":"standard","meta":{"_monsterinsights_skip_tracking":false,"_monsterinsights_sitenote_active":false,"_monsterinsights_sitenote_note":"","_monsterinsights_sitenote_category":0},"categories":[6,30260,30259,12],"tags":[38626,30368,533,43276],"aioseo_notices":[],"_links":{"self":[{"href":"http:\/\/mspontocom.com.br\/site\/wp-json\/wp\/v2\/posts\/201458"}],"collection":[{"href":"http:\/\/mspontocom.com.br\/site\/wp-json\/wp\/v2\/posts"}],"about":[{"href":"http:\/\/mspontocom.com.br\/site\/wp-json\/wp\/v2\/types\/post"}],"author":[{"embeddable":true,"href":"http:\/\/mspontocom.com.br\/site\/wp-json\/wp\/v2\/users\/2"}],"replies":[{"embeddable":true,"href":"http:\/\/mspontocom.com.br\/site\/wp-json\/wp\/v2\/comments?post=201458"}],"version-history":[{"count":3,"href":"http:\/\/mspontocom.com.br\/site\/wp-json\/wp\/v2\/posts\/201458\/revisions"}],"predecessor-version":[{"id":201468,"href":"http:\/\/mspontocom.com.br\/site\/wp-json\/wp\/v2\/posts\/201458\/revisions\/201468"}],"wp:featuredmedia":[{"embeddable":true,"href":"http:\/\/mspontocom.com.br\/site\/wp-json\/wp\/v2\/media\/201466"}],"wp:attachment":[{"href":"http:\/\/mspontocom.com.br\/site\/wp-json\/wp\/v2\/media?parent=201458"}],"wp:term":[{"taxonomy":"category","embeddable":true,"href":"http:\/\/mspontocom.com.br\/site\/wp-json\/wp\/v2\/categories?post=201458"},{"taxonomy":"post_tag","embeddable":true,"href":"http:\/\/mspontocom.com.br\/site\/wp-json\/wp\/v2\/tags?post=201458"}],"curies":[{"name":"wp","href":"https:\/\/api.w.org\/{rel}","templated":true}]}}