{"id":201462,"date":"2025-07-18T05:37:21","date_gmt":"2025-07-18T09:37:21","guid":{"rendered":"https:\/\/mspontocom.com.br\/site\/?p=201462"},"modified":"2025-07-18T05:37:21","modified_gmt":"2025-07-18T09:37:21","slug":"trump-ja-tem-proposta-de-sancoes-contra-moraes-diz-washington-post","status":"publish","type":"post","link":"http:\/\/mspontocom.com.br\/site\/trump-ja-tem-proposta-de-sancoes-contra-moraes-diz-washington-post\/","title":{"rendered":"Trump j\u00e1 tem proposta de san\u00e7\u00f5es contra Moraes, diz Washington Post"},"content":{"rendered":"<p style=\"text-align: justify;\"><img loading=\"lazy\" class=\"alignnone size-full wp-image-201469\" src=\"http:\/\/mspontocom.com.br\/site\/wp-content\/uploads\/2025\/07\/site-trump-ja-rascunhou-proposta-de-sancoes-contra-moraes-diz-washington-post-alexandre-de-moraes-e-o-presidente-dos-eua-.jpg\" alt=\"\" width=\"900\" height=\"506\" srcset=\"http:\/\/mspontocom.com.br\/site\/wp-content\/uploads\/2025\/07\/site-trump-ja-rascunhou-proposta-de-sancoes-contra-moraes-diz-washington-post-alexandre-de-moraes-e-o-presidente-dos-eua-.jpg 900w, http:\/\/mspontocom.com.br\/site\/wp-content\/uploads\/2025\/07\/site-trump-ja-rascunhou-proposta-de-sancoes-contra-moraes-diz-washington-post-alexandre-de-moraes-e-o-presidente-dos-eua--260x146.jpg 260w, http:\/\/mspontocom.com.br\/site\/wp-content\/uploads\/2025\/07\/site-trump-ja-rascunhou-proposta-de-sancoes-contra-moraes-diz-washington-post-alexandre-de-moraes-e-o-presidente-dos-eua--768x432.jpg 768w\" sizes=\"(max-width: 900px) 100vw, 900px\" \/>O governo Trump j\u00e1 tem um rascunho da proposta de san\u00e7\u00f5es contra o ministro do STF Alexandre de Moraes, segundo o jornal americano The Washington Post.<\/p>\n<p style=\"text-align: justify;\">Duas fontes da Casa Branca disseram ter visto o esbo\u00e7o do documento no m\u00eas passado.<\/p>\n<p style=\"text-align: justify;\">Segundo esses interlocutores, o Departamento do Tesouro dos EUA resiste \u00e0 medida.<\/p>\n<p style=\"text-align: justify;\"><span style=\"font-size: 14pt;\"><strong>Filho do ex-presidente Jair Bolsonaro esteve na Casa Branca nesta semana. <\/strong><\/span><\/p>\n<p style=\"text-align: justify;\">Segundo o jornal, quatro fontes disseram que o deputado licenciado Eduardo Bolsonaro (PL-SP) est\u00e1 trabalhando em estreita colabora\u00e7\u00e3o com o governo americano para impor san\u00e7\u00f5es a Moraes<\/p>\n<p style=\"text-align: justify;\"><span style=\"font-size: 14pt;\"><strong>Medida est\u00e1 relacionada a a\u00e7\u00f5es de Moraes contra plataformas digitais<\/strong><\/span><\/p>\n<p style=\"text-align: justify;\">Pol\u00edticos republicanos argumentam que as decis\u00f5es do ministro contra as &#8220;big techs&#8221; no Brasil, como a suspens\u00e3o de contas, afetam a liberdade de express\u00e3o.<\/p>\n<p style=\"text-align: justify;\">San\u00e7\u00f5es propostas contra Moraes provavelmente invocariam a Lei Magnitsky, diz jornal.<\/p>\n<p style=\"text-align: justify;\">Isso autoriza o governo dos EUA a impor san\u00e7\u00f5es a estrangeiros acusados de corrup\u00e7\u00e3o e viola\u00e7\u00f5es de direitos humanos<\/p>\n<p style=\"text-align: justify;\">O secret\u00e1rio de Estado dos EUA, Marco Rubio, j\u00e1 admitiu que a iniciativa estava sendo discutida.<\/p>\n<blockquote><p><em>&#8220;Isso est\u00e1 sendo analisado agora, e h\u00e1 uma grande, grande possibilidade de que isso aconte\u00e7a&#8221;, afirmou.<\/em><\/p><\/blockquote>\n<p style=\"text-align: justify;\"><span style=\"font-size: 14pt;\"><strong>Elei\u00e7\u00f5es de 2026 s\u00e3o consideradas estrat\u00e9gicas<\/strong><\/span><\/p>\n<p style=\"text-align: justify;\">A avalia\u00e7\u00e3o de uma ala da Casa Branca \u00e9 que uma san\u00e7\u00e3o contra o juiz brasileiro poderia motivar uma esp\u00e9cie de frente ampla no pa\u00eds contra qualquer candidato apoiado pelo bolsonarismo e o trumpismo.<\/p>\n","protected":false},"excerpt":{"rendered":"<p>O governo Trump j\u00e1 tem um rascunho da proposta de san\u00e7\u00f5es contra o ministro do STF Alexandre de Moraes, segundo o jornal americano The Washington Post. Duas fontes da Casa Branca disseram ter visto o esbo\u00e7o do documento no m\u00eas passado. Segundo esses interlocutores, o Departamento do Tesouro dos EUA resiste \u00e0 medida. Filho do [&hellip;]<\/p>\n","protected":false},"author":2,"featured_media":201469,"comment_status":"open","ping_status":"open","sticky":false,"template":"","format":"standard","meta":{"_monsterinsights_skip_tracking":false,"_monsterinsights_sitenote_active":false,"_monsterinsights_sitenote_note":"","_monsterinsights_sitenote_category":0},"categories":[30260,2528,7,30259,12],"tags":[24914,35247,674,4409,28326],"aioseo_notices":[],"_links":{"self":[{"href":"http:\/\/mspontocom.com.br\/site\/wp-json\/wp\/v2\/posts\/201462"}],"collection":[{"href":"http:\/\/mspontocom.com.br\/site\/wp-json\/wp\/v2\/posts"}],"about":[{"href":"http:\/\/mspontocom.com.br\/site\/wp-json\/wp\/v2\/types\/post"}],"author":[{"embeddable":true,"href":"http:\/\/mspontocom.com.br\/site\/wp-json\/wp\/v2\/users\/2"}],"replies":[{"embeddable":true,"href":"http:\/\/mspontocom.com.br\/site\/wp-json\/wp\/v2\/comments?post=201462"}],"version-history":[{"count":2,"href":"http:\/\/mspontocom.com.br\/site\/wp-json\/wp\/v2\/posts\/201462\/revisions"}],"predecessor-version":[{"id":201470,"href":"http:\/\/mspontocom.com.br\/site\/wp-json\/wp\/v2\/posts\/201462\/revisions\/201470"}],"wp:featuredmedia":[{"embeddable":true,"href":"http:\/\/mspontocom.com.br\/site\/wp-json\/wp\/v2\/media\/201469"}],"wp:attachment":[{"href":"http:\/\/mspontocom.com.br\/site\/wp-json\/wp\/v2\/media?parent=201462"}],"wp:term":[{"taxonomy":"category","embeddable":true,"href":"http:\/\/mspontocom.com.br\/site\/wp-json\/wp\/v2\/categories?post=201462"},{"taxonomy":"post_tag","embeddable":true,"href":"http:\/\/mspontocom.com.br\/site\/wp-json\/wp\/v2\/tags?post=201462"}],"curies":[{"name":"wp","href":"https:\/\/api.w.org\/{rel}","templated":true}]}}