{"id":201496,"date":"2025-07-19T07:26:16","date_gmt":"2025-07-19T11:26:16","guid":{"rendered":"https:\/\/mspontocom.com.br\/site\/?p=201496"},"modified":"2025-07-19T07:26:16","modified_gmt":"2025-07-19T11:26:16","slug":"pl-prepara-atos-pro-bolsonaro-e-afirma-que-o-brasil-vai-parar","status":"publish","type":"post","link":"http:\/\/mspontocom.com.br\/site\/pl-prepara-atos-pro-bolsonaro-e-afirma-que-o-brasil-vai-parar\/","title":{"rendered":"PL prepara atos pr\u00f3-Bolsonaro e afirma que \u201co Brasil vai parar\u201d"},"content":{"rendered":"<p style=\"text-align: justify;\"><img loading=\"lazy\" class=\"alignnone size-full wp-image-201499\" src=\"http:\/\/mspontocom.com.br\/site\/wp-content\/uploads\/2025\/07\/site-pl-prepara-ato-pro-bolsonaro-e-afirma-que-o-brasil-vai-parar-parar-e1752924201204.jpg\" alt=\"\" width=\"677\" height=\"281\" srcset=\"http:\/\/mspontocom.com.br\/site\/wp-content\/uploads\/2025\/07\/site-pl-prepara-ato-pro-bolsonaro-e-afirma-que-o-brasil-vai-parar-parar-e1752924201204.jpg 677w, http:\/\/mspontocom.com.br\/site\/wp-content\/uploads\/2025\/07\/site-pl-prepara-ato-pro-bolsonaro-e-afirma-que-o-brasil-vai-parar-parar-e1752924201204-260x108.jpg 260w\" sizes=\"(max-width: 677px) 100vw, 677px\" \/>Aliados de <strong>Jair Bolsonaro<\/strong> (PL) iniciaram mobiliza\u00e7\u00e3o para protestos depois de a PF\u00a0 cumprir mandados de busca e apreens\u00e3o na resid\u00eancia do ex-presidente.<\/p>\n<p style=\"text-align: justify;\">A opera\u00e7\u00e3o autorizada pelo ministro do STF\u00a0<strong> Alexandre de Moraes<\/strong>, imp\u00f4s ao pol\u00edtico uma s\u00e9rie de restri\u00e7\u00f5es, al\u00e9m do uso de tornozeleira eletr\u00f4nica.<\/p>\n<p style=\"text-align: justify;\">O PL de Bolsonaro definir\u00e1 os detalhes da manifesta\u00e7\u00e3o em reuni\u00e3o na 2\u00aa feira (21.jul).<\/p>\n<p style=\"text-align: justify;\">Pol\u00edticos do partido, por\u00e9m, j\u00e1 falam na necessidade de apoiadores do ex-presidente voltarem \u00e0s ruas.<\/p>\n<p><img loading=\"lazy\" class=\"alignnone size-full wp-image-201497\" src=\"http:\/\/mspontocom.com.br\/site\/wp-content\/uploads\/2025\/07\/site-x-sostenes-x-sostenes.webp\" alt=\"\" width=\"1218\" height=\"400\" srcset=\"http:\/\/mspontocom.com.br\/site\/wp-content\/uploads\/2025\/07\/site-x-sostenes-x-sostenes.webp 1218w, http:\/\/mspontocom.com.br\/site\/wp-content\/uploads\/2025\/07\/site-x-sostenes-x-sostenes-260x85.webp 260w, http:\/\/mspontocom.com.br\/site\/wp-content\/uploads\/2025\/07\/site-x-sostenes-x-sostenes-1024x336.webp 1024w, http:\/\/mspontocom.com.br\/site\/wp-content\/uploads\/2025\/07\/site-x-sostenes-x-sostenes-768x252.webp 768w\" sizes=\"(max-width: 1218px) 100vw, 1218px\" \/><\/p>\n<p>O l\u00edder do PL na C\u00e2mara dos Deputados, S\u00f3stenes Cavalcante (PL-RJ), publicou em sua conta no X uma convoca\u00e7\u00e3o para que os apoiadores de Bolsonaro v\u00e3o \u00e0s ruas.<\/p>\n<p>No Instagram, o PL (Partido Liberal) nacional tamb\u00e9m se manifestou a respeito da opera\u00e7\u00e3o contra o ex-presidente.<\/p>\n<p><img loading=\"lazy\" class=\"alignnone size-full wp-image-201498\" src=\"http:\/\/mspontocom.com.br\/site\/wp-content\/uploads\/2025\/07\/site-pl-insta-bolsonaro-pl-insta-bolsonaro.webp\" alt=\"\" width=\"1218\" height=\"754\" srcset=\"http:\/\/mspontocom.com.br\/site\/wp-content\/uploads\/2025\/07\/site-pl-insta-bolsonaro-pl-insta-bolsonaro.webp 1218w, http:\/\/mspontocom.com.br\/site\/wp-content\/uploads\/2025\/07\/site-pl-insta-bolsonaro-pl-insta-bolsonaro-260x161.webp 260w, http:\/\/mspontocom.com.br\/site\/wp-content\/uploads\/2025\/07\/site-pl-insta-bolsonaro-pl-insta-bolsonaro-1024x634.webp 1024w, http:\/\/mspontocom.com.br\/site\/wp-content\/uploads\/2025\/07\/site-pl-insta-bolsonaro-pl-insta-bolsonaro-768x475.webp 768w\" sizes=\"(max-width: 1218px) 100vw, 1218px\" \/><\/p>\n<p style=\"text-align: justify;\">Al\u00e9m disso, a sigla afirmou, em nota publicada nas redes sociais, que <strong>\u201c\u00e9 hora de a sociedade brasileira se posicionar com coragem<\/strong>. O povo deve voltar \u00e0s ruas, de forma pac\u00edfica e ordeira, para exigir respeito \u00e0 Constitui\u00e7\u00e3o, \u00e0 liberdade e \u00e0 democracia\u201d.<\/p>\n<p style=\"text-align: justify;\">Ainda n\u00e3o h\u00e1 defini\u00e7\u00e3o sobre data e local da manifesta\u00e7\u00e3o convocada pelos aliados de Bolsonaro.<\/p>\n","protected":false},"excerpt":{"rendered":"<p>Aliados de Jair Bolsonaro (PL) iniciaram mobiliza\u00e7\u00e3o para protestos depois de a PF\u00a0 cumprir mandados de busca e apreens\u00e3o na resid\u00eancia do ex-presidente. A opera\u00e7\u00e3o autorizada pelo ministro do STF\u00a0 Alexandre de Moraes, imp\u00f4s ao pol\u00edtico uma s\u00e9rie de restri\u00e7\u00f5es, al\u00e9m do uso de tornozeleira eletr\u00f4nica. O PL de Bolsonaro definir\u00e1 os detalhes da manifesta\u00e7\u00e3o [&hellip;]<\/p>\n","protected":false},"author":2,"featured_media":201499,"comment_status":"open","ping_status":"open","sticky":false,"template":"","format":"standard","meta":{"_monsterinsights_skip_tracking":false,"_monsterinsights_sitenote_active":false,"_monsterinsights_sitenote_note":"","_monsterinsights_sitenote_category":0},"categories":[6,30260,30259,12],"tags":[24619,43281,35408,32473],"aioseo_notices":[],"_links":{"self":[{"href":"http:\/\/mspontocom.com.br\/site\/wp-json\/wp\/v2\/posts\/201496"}],"collection":[{"href":"http:\/\/mspontocom.com.br\/site\/wp-json\/wp\/v2\/posts"}],"about":[{"href":"http:\/\/mspontocom.com.br\/site\/wp-json\/wp\/v2\/types\/post"}],"author":[{"embeddable":true,"href":"http:\/\/mspontocom.com.br\/site\/wp-json\/wp\/v2\/users\/2"}],"replies":[{"embeddable":true,"href":"http:\/\/mspontocom.com.br\/site\/wp-json\/wp\/v2\/comments?post=201496"}],"version-history":[{"count":1,"href":"http:\/\/mspontocom.com.br\/site\/wp-json\/wp\/v2\/posts\/201496\/revisions"}],"predecessor-version":[{"id":201500,"href":"http:\/\/mspontocom.com.br\/site\/wp-json\/wp\/v2\/posts\/201496\/revisions\/201500"}],"wp:featuredmedia":[{"embeddable":true,"href":"http:\/\/mspontocom.com.br\/site\/wp-json\/wp\/v2\/media\/201499"}],"wp:attachment":[{"href":"http:\/\/mspontocom.com.br\/site\/wp-json\/wp\/v2\/media?parent=201496"}],"wp:term":[{"taxonomy":"category","embeddable":true,"href":"http:\/\/mspontocom.com.br\/site\/wp-json\/wp\/v2\/categories?post=201496"},{"taxonomy":"post_tag","embeddable":true,"href":"http:\/\/mspontocom.com.br\/site\/wp-json\/wp\/v2\/tags?post=201496"}],"curies":[{"name":"wp","href":"https:\/\/api.w.org\/{rel}","templated":true}]}}