{"id":201503,"date":"2025-07-20T07:25:18","date_gmt":"2025-07-20T11:25:18","guid":{"rendered":"https:\/\/mspontocom.com.br\/site\/?p=201503"},"modified":"2025-07-20T07:25:18","modified_gmt":"2025-07-20T11:25:18","slug":"lula-peao-quem-comanda-o-brasil-e-o-moraes-diz-bolsonaro","status":"publish","type":"post","link":"http:\/\/mspontocom.com.br\/site\/lula-peao-quem-comanda-o-brasil-e-o-moraes-diz-bolsonaro\/","title":{"rendered":"LULA PE\u00c3O: \u2018Quem comanda o Brasil \u00e9 o Moraes\u2019, diz Bolsonaro"},"content":{"rendered":"<p style=\"text-align: justify;\"><img loading=\"lazy\" class=\"alignnone size-full wp-image-201509\" src=\"http:\/\/mspontocom.com.br\/site\/wp-content\/uploads\/2025\/07\/site-lula-peao-quem-comanda-o-brasil-e-o-moraes-diz-bolsonaro-trio.webp\" alt=\"\" width=\"888\" height=\"432\" srcset=\"http:\/\/mspontocom.com.br\/site\/wp-content\/uploads\/2025\/07\/site-lula-peao-quem-comanda-o-brasil-e-o-moraes-diz-bolsonaro-trio.webp 888w, http:\/\/mspontocom.com.br\/site\/wp-content\/uploads\/2025\/07\/site-lula-peao-quem-comanda-o-brasil-e-o-moraes-diz-bolsonaro-trio-260x126.webp 260w, http:\/\/mspontocom.com.br\/site\/wp-content\/uploads\/2025\/07\/site-lula-peao-quem-comanda-o-brasil-e-o-moraes-diz-bolsonaro-trio-768x374.webp 768w\" sizes=\"(max-width: 888px) 100vw, 888px\" \/>O ex-presidente Jair Bolsonaro (PL) declarou neste s\u00e1bado em entrevista \u00e0 Reuters,\u00a0 que n\u00e3o lhe restam d\u00favidas: \u201cN\u00e3o tenho d\u00favida da minha condena\u00e7\u00e3o, o ministro Alexandre de Moraes tem certa ascend\u00eancia\u201d.<\/p>\n<p style=\"text-align: justify;\">Bolsonaro criticou com veem\u00eancia as medidas cautelares impostas pelo ministro Alexandre de Moraes, STF, que incluem uso de tornozeleira eletr\u00f4nica, restri\u00e7\u00e3o de sa\u00edda noturna e nas redes sociais, al\u00e9m de proibirem contato com diplomatas ou com seu filho, Eduardo Bolsonaro.<\/p>\n<blockquote><p><span style=\"font-size: 14pt;\"><em>\u201cO poder do Supremo \u00e9 enorme. O Supremo perdeu a m\u00e3o. Quem comanda o Brasil \u00e9 o Alexandre de Moraes\u201d, afirmou.<\/em><\/span><\/p><\/blockquote>\n<p style=\"text-align: justify;\">O ex-chefe do Executivo classificou o processo como pol\u00edtico e dirigido a afast\u00e1-lo do cen\u00e1rio eleitoral, apontando-se como \u00fanico advers\u00e1rio capaz de derrotar Lula em 2026.<\/p>\n<p style=\"text-align: justify;\">Ele negou qualquer inten\u00e7\u00e3o de deixar o Brasil, mesmo reconhecendo a imposi\u00e7\u00e3o das medidas, e descreveu sua situa\u00e7\u00e3o como \u201csuprema humilha\u00e7\u00e3o\u201d.<\/p>\n<p style=\"text-align: justify;\">\n","protected":false},"excerpt":{"rendered":"<p>O ex-presidente Jair Bolsonaro (PL) declarou neste s\u00e1bado em entrevista \u00e0 Reuters,\u00a0 que n\u00e3o lhe restam d\u00favidas: \u201cN\u00e3o tenho d\u00favida da minha condena\u00e7\u00e3o, o ministro Alexandre de Moraes tem certa ascend\u00eancia\u201d. Bolsonaro criticou com veem\u00eancia as medidas cautelares impostas pelo ministro Alexandre de Moraes, STF, que incluem uso de tornozeleira eletr\u00f4nica, restri\u00e7\u00e3o de sa\u00edda noturna [&hellip;]<\/p>\n","protected":false},"author":2,"featured_media":201509,"comment_status":"open","ping_status":"open","sticky":false,"template":"","format":"standard","meta":{"_monsterinsights_skip_tracking":false,"_monsterinsights_sitenote_active":false,"_monsterinsights_sitenote_note":"","_monsterinsights_sitenote_category":0},"categories":[6,30260,2528,30259,12],"tags":[21017,30254,1657,480,24973,35247,43283],"aioseo_notices":[],"_links":{"self":[{"href":"http:\/\/mspontocom.com.br\/site\/wp-json\/wp\/v2\/posts\/201503"}],"collection":[{"href":"http:\/\/mspontocom.com.br\/site\/wp-json\/wp\/v2\/posts"}],"about":[{"href":"http:\/\/mspontocom.com.br\/site\/wp-json\/wp\/v2\/types\/post"}],"author":[{"embeddable":true,"href":"http:\/\/mspontocom.com.br\/site\/wp-json\/wp\/v2\/users\/2"}],"replies":[{"embeddable":true,"href":"http:\/\/mspontocom.com.br\/site\/wp-json\/wp\/v2\/comments?post=201503"}],"version-history":[{"count":2,"href":"http:\/\/mspontocom.com.br\/site\/wp-json\/wp\/v2\/posts\/201503\/revisions"}],"predecessor-version":[{"id":201510,"href":"http:\/\/mspontocom.com.br\/site\/wp-json\/wp\/v2\/posts\/201503\/revisions\/201510"}],"wp:featuredmedia":[{"embeddable":true,"href":"http:\/\/mspontocom.com.br\/site\/wp-json\/wp\/v2\/media\/201509"}],"wp:attachment":[{"href":"http:\/\/mspontocom.com.br\/site\/wp-json\/wp\/v2\/media?parent=201503"}],"wp:term":[{"taxonomy":"category","embeddable":true,"href":"http:\/\/mspontocom.com.br\/site\/wp-json\/wp\/v2\/categories?post=201503"},{"taxonomy":"post_tag","embeddable":true,"href":"http:\/\/mspontocom.com.br\/site\/wp-json\/wp\/v2\/tags?post=201503"}],"curies":[{"name":"wp","href":"https:\/\/api.w.org\/{rel}","templated":true}]}}