{"id":201505,"date":"2025-07-20T07:10:52","date_gmt":"2025-07-20T11:10:52","guid":{"rendered":"https:\/\/mspontocom.com.br\/site\/?p=201505"},"modified":"2025-07-20T07:10:52","modified_gmt":"2025-07-20T11:10:52","slug":"nunca-impedi-lula-de-se-comunicar-diz-moro-sobre-restricoes-impostas-a-bolsonaro","status":"publish","type":"post","link":"http:\/\/mspontocom.com.br\/site\/nunca-impedi-lula-de-se-comunicar-diz-moro-sobre-restricoes-impostas-a-bolsonaro\/","title":{"rendered":"&#8220;Nunca impedi Lula de se comunicar&#8221;, diz Moro sobre restri\u00e7\u00f5es impostas a Bolsonaro"},"content":{"rendered":"<p style=\"text-align: justify;\"><img loading=\"lazy\" class=\"alignnone size-full wp-image-201507\" src=\"http:\/\/mspontocom.com.br\/site\/wp-content\/uploads\/2025\/07\/site-nunca-impedi-lula-de-se-comunicar-diz-moro-sobre-restricoes-impostas-a-bolsonaro-candidatos.jpg\" alt=\"\" width=\"1086\" height=\"652\" srcset=\"http:\/\/mspontocom.com.br\/site\/wp-content\/uploads\/2025\/07\/site-nunca-impedi-lula-de-se-comunicar-diz-moro-sobre-restricoes-impostas-a-bolsonaro-candidatos.jpg 1086w, http:\/\/mspontocom.com.br\/site\/wp-content\/uploads\/2025\/07\/site-nunca-impedi-lula-de-se-comunicar-diz-moro-sobre-restricoes-impostas-a-bolsonaro-candidatos-260x156.jpg 260w, http:\/\/mspontocom.com.br\/site\/wp-content\/uploads\/2025\/07\/site-nunca-impedi-lula-de-se-comunicar-diz-moro-sobre-restricoes-impostas-a-bolsonaro-candidatos-1024x615.jpg 1024w, http:\/\/mspontocom.com.br\/site\/wp-content\/uploads\/2025\/07\/site-nunca-impedi-lula-de-se-comunicar-diz-moro-sobre-restricoes-impostas-a-bolsonaro-candidatos-768x461.jpg 768w\" sizes=\"(max-width: 1086px) 100vw, 1086px\" \/>O senador <strong>Sergio Moro<\/strong>\u00a0 afirmou neste s\u00e1bado, que as medidas restritivas impostas pelo ministro Alexandre de Moraes, do STF ao ex-presidente Jair Bolsonaro, abrem <em>&#8220;um precedente perigoso&#8221;<\/em> para qualquer acusado.<\/p>\n<div class=\"col-lg-9\">\n<article class=\"h-entry post-281446 diario type-diario status-publish has-post-thumbnail hentry category-diarios category-noticias tag-alexandre-de-moraes tag-deltan-dallagnol tag-jair-bolsonaro tag-sergio-moro\">\n<div class=\"post-interna__content\">\n<div id=\"content_post\" class=\"post-interna__content__corpo\" data-inserted=\"true\">\n<blockquote><p><span style=\"font-size: 14pt;\"><em>&#8220;Lula nunca sofreu restri\u00e7\u00f5es em sua <strong>liberdade de se comunicar<\/strong> ou de se manifestar publicamente antes do seu julgamento. \u00c9 um precedente perigoso fazer isso com o ex-Presidente Bolsonaro ou contra qualquer acusado&#8221;.<\/em>\u00a0escreveu o ex-juiz da Lava Jato no\u00a0<a href=\"https:\/\/x.com\/SF_Moro\/status\/1946209534613012843\">X<\/a>.<\/span><\/p><\/blockquote>\n<p style=\"text-align: justify;\">Para o ex-procurador\u00a0<strong>Deltan Dallagnol<\/strong>, a decis\u00e3o de Moraes \u00e9\u00a0<em>&#8220;censura pura e simples&#8221;<\/em>.<\/p>\n<blockquote><p><em>&#8220;Durante a Lava Jato, Lula nunca foi impedido de usar redes sociais, dar entrevistas e se comunicar com quem quisesse, falar o que quisesse, e denunciar o processo para quem ele quisesse. Nem depois de condenado, preso e cumprindo pena na Pol\u00edcia Federal em Curitiba, Lula foi impedido de usar redes sociais e dar entrevistas&#8221;. , escreveu o ex-procurador da Lava Jato no <a href=\"https:\/\/x.com\/deltanmd\/status\/1946186756266574081\">X<\/a>.<\/em><\/p><\/blockquote>\n<div id=\"ads_intertext1\" style=\"text-align: justify;\"><\/div>\n<p>&nbsp;<\/p>\n<div id=\"ads_intertext3\"><\/div>\n<\/div>\n<\/div>\n<\/article>\n<\/div>\n<div class=\"col-lg-3 post-interna__aside\">\n<div id=\"mdbi6ys6\" class=\"ad_container filled\" data-position=\"sidebar\" data-device=\"desk\" data-google-query-id=\"CJ78yv2iy44DFWU9uQYdh7Y9HQ\"><\/div>\n<\/div>\n","protected":false},"excerpt":{"rendered":"<p>O senador Sergio Moro\u00a0 afirmou neste s\u00e1bado, que as medidas restritivas impostas pelo ministro Alexandre de Moraes, do STF ao ex-presidente Jair Bolsonaro, abrem &#8220;um precedente perigoso&#8221; para qualquer acusado. &#8220;Lula nunca sofreu restri\u00e7\u00f5es em sua liberdade de se comunicar ou de se manifestar publicamente antes do seu julgamento. \u00c9 um precedente perigoso fazer isso [&hellip;]<\/p>\n","protected":false},"author":2,"featured_media":201507,"comment_status":"open","ping_status":"open","sticky":false,"template":"","format":"standard","meta":{"_monsterinsights_skip_tracking":false,"_monsterinsights_sitenote_active":false,"_monsterinsights_sitenote_note":"","_monsterinsights_sitenote_category":0},"categories":[6,30260,2528,30259,12],"tags":[21017,23158,43282,24817],"aioseo_notices":[],"_links":{"self":[{"href":"http:\/\/mspontocom.com.br\/site\/wp-json\/wp\/v2\/posts\/201505"}],"collection":[{"href":"http:\/\/mspontocom.com.br\/site\/wp-json\/wp\/v2\/posts"}],"about":[{"href":"http:\/\/mspontocom.com.br\/site\/wp-json\/wp\/v2\/types\/post"}],"author":[{"embeddable":true,"href":"http:\/\/mspontocom.com.br\/site\/wp-json\/wp\/v2\/users\/2"}],"replies":[{"embeddable":true,"href":"http:\/\/mspontocom.com.br\/site\/wp-json\/wp\/v2\/comments?post=201505"}],"version-history":[{"count":2,"href":"http:\/\/mspontocom.com.br\/site\/wp-json\/wp\/v2\/posts\/201505\/revisions"}],"predecessor-version":[{"id":201508,"href":"http:\/\/mspontocom.com.br\/site\/wp-json\/wp\/v2\/posts\/201505\/revisions\/201508"}],"wp:featuredmedia":[{"embeddable":true,"href":"http:\/\/mspontocom.com.br\/site\/wp-json\/wp\/v2\/media\/201507"}],"wp:attachment":[{"href":"http:\/\/mspontocom.com.br\/site\/wp-json\/wp\/v2\/media?parent=201505"}],"wp:term":[{"taxonomy":"category","embeddable":true,"href":"http:\/\/mspontocom.com.br\/site\/wp-json\/wp\/v2\/categories?post=201505"},{"taxonomy":"post_tag","embeddable":true,"href":"http:\/\/mspontocom.com.br\/site\/wp-json\/wp\/v2\/tags?post=201505"}],"curies":[{"name":"wp","href":"https:\/\/api.w.org\/{rel}","templated":true}]}}