{"id":201511,"date":"2025-07-21T06:36:55","date_gmt":"2025-07-21T10:36:55","guid":{"rendered":"https:\/\/mspontocom.com.br\/site\/?p=201511"},"modified":"2025-07-21T06:36:55","modified_gmt":"2025-07-21T10:36:55","slug":"fora-moraes-ganha-forca-inedita-em-novas-manifestacoes","status":"publish","type":"post","link":"http:\/\/mspontocom.com.br\/site\/fora-moraes-ganha-forca-inedita-em-novas-manifestacoes\/","title":{"rendered":"\u201cFora, Moraes\u201d ganha for\u00e7a in\u00e9dita em novas manifesta\u00e7\u00f5es"},"content":{"rendered":"<p class=\"postParagraph_post-paragraph__juWZN\" style=\"text-align: justify;\"><img loading=\"lazy\" class=\"alignnone size-full wp-image-201521\" src=\"http:\/\/mspontocom.com.br\/site\/wp-content\/uploads\/2025\/07\/site-fora-moraes-ganha-forca-inedita-em-novas-manifestacoes-fora-moraes.jpg\" alt=\"\" width=\"696\" height=\"488\" srcset=\"http:\/\/mspontocom.com.br\/site\/wp-content\/uploads\/2025\/07\/site-fora-moraes-ganha-forca-inedita-em-novas-manifestacoes-fora-moraes.jpg 696w, http:\/\/mspontocom.com.br\/site\/wp-content\/uploads\/2025\/07\/site-fora-moraes-ganha-forca-inedita-em-novas-manifestacoes-fora-moraes-260x182.jpg 260w\" sizes=\"(max-width: 696px) 100vw, 696px\" \/>As manifesta\u00e7\u00f5es de apoio ao ex-presidente <strong>Jair Bolsonaro<\/strong> e contra o governo <strong>Lula<\/strong> e os abusos do Judici\u00e1rio deste domingo (20), realizadas em v\u00e1rias cidades do pa\u00eds, marcaram um novo momento na mobiliza\u00e7\u00e3o da direita brasileira, com o grito de <strong>&#8220;fora, Moraes&#8221;<\/strong> ganhando protagonismo in\u00e9dito.<\/p>\n<p class=\"postParagraph_post-paragraph__juWZN\" style=\"text-align: justify;\">As cr\u00edticas ao presidente Lula estiveram presentes em todas as manifesta\u00e7\u00f5es, mas Moraes ganhou um foco que n\u00e3o se via com tanta for\u00e7a em protestos anteriores.<\/p>\n<p class=\"postParagraph_post-paragraph__juWZN\" style=\"text-align: justify;\">Em vez de men\u00e7\u00f5es pontuais, houve faixas, cartazes, camisetas e gritos constantes direcionados contra o ministro.<\/p>\n<p class=\"postParagraph_post-paragraph__juWZN\" style=\"text-align: justify;\">A principal manifesta\u00e7\u00e3o foi realizada em Bras\u00edlia.<\/p>\n<p class=\"postParagraph_post-paragraph__juWZN\" style=\"text-align: justify;\">Em discurso divulgado nas redes, a deputada Bia Kicis (PL-DF) afirmou:<\/p>\n<blockquote>\n<p class=\"postParagraph_post-paragraph__juWZN\"><em>\u201cN\u00f3s sabemos que estamos vivendo um momento de extrema dificuldade e que, daqui para frente, ou a gente consegue mudar o que est\u00e1 acontecendo, lutar pela liberdade, ou o nosso caminho \u00e9 virar a Venezuela&#8221;. Enquanto a deputada discursava, manifestantes interromperam com gritos de <strong>&#8220;Moraes na cadeia&#8221;.<\/strong><\/em><\/p>\n<\/blockquote>\n<p class=\"postParagraph_post-paragraph__juWZN\" style=\"text-align: justify;\">Uma faixa exibida por manifestantes na capital federal apontava diretamente o ministro do STF como &#8220;violador de direitos humanos&#8221;, com a exig\u00eancia de que ele &#8220;liberte os presos pol\u00edticos do Brasil&#8221;, em refer\u00eancia aos detidos nos inqu\u00e9ritos do 8 de janeiro.<\/p>\n<p class=\"postParagraph_post-paragraph__juWZN\" style=\"text-align: justify;\">A manifesta\u00e7\u00e3o tamb\u00e9m teve participa\u00e7\u00e3o da senadora Damares Alves, que afirmou em discurso: <strong>&#8220;N\u00f3s estamos virando o jogo. O Brasil \u00e9 nosso. N\u00e3o \u00e0 ditadura!&#8221;.<\/strong><\/p>\n<p class=\"postParagraph_post-paragraph__juWZN\" style=\"text-align: justify;\">Bandeiras do Brasil, dos Estados Unidose de Israel\u00a0 foram vistas entre os participantes, que tamb\u00e9m entoaram gritos de apoio aos atos do presidente americano <strong>Donald Trump<\/strong> e a frase <span style=\"color: #ff0000;\"><strong>\u201cmeu visto jamais ser\u00e1 cassado&#8221;<\/strong><\/span>, em alus\u00e3o \u00e0 revoga\u00e7\u00e3o de vistos de ministros do STF por ordem do governo americano.<\/p>\n<div class=\"adBanner_c-ads__vacy1 adBanner_ads-desktop__YVQsV adBanner_d-pos-post-2__02kVb adBanner_d-pos-post-2__02kVb adBanner_open__ViOaF \" style=\"text-align: justify;\" data-ads=\"ads-desktop\"><\/div>\n","protected":false},"excerpt":{"rendered":"<p>As manifesta\u00e7\u00f5es de apoio ao ex-presidente Jair Bolsonaro e contra o governo Lula e os abusos do Judici\u00e1rio deste domingo (20), realizadas em v\u00e1rias cidades do pa\u00eds, marcaram um novo momento na mobiliza\u00e7\u00e3o da direita brasileira, com o grito de &#8220;fora, Moraes&#8221; ganhando protagonismo in\u00e9dito. As cr\u00edticas ao presidente Lula estiveram presentes em todas as [&hellip;]<\/p>\n","protected":false},"author":2,"featured_media":201521,"comment_status":"open","ping_status":"open","sticky":false,"template":"","format":"standard","meta":{"_monsterinsights_skip_tracking":false,"_monsterinsights_sitenote_active":false,"_monsterinsights_sitenote_note":"","_monsterinsights_sitenote_category":0},"categories":[6,30260,2528,30259,12],"tags":[27750,43289,12808,35247],"aioseo_notices":[],"_links":{"self":[{"href":"http:\/\/mspontocom.com.br\/site\/wp-json\/wp\/v2\/posts\/201511"}],"collection":[{"href":"http:\/\/mspontocom.com.br\/site\/wp-json\/wp\/v2\/posts"}],"about":[{"href":"http:\/\/mspontocom.com.br\/site\/wp-json\/wp\/v2\/types\/post"}],"author":[{"embeddable":true,"href":"http:\/\/mspontocom.com.br\/site\/wp-json\/wp\/v2\/users\/2"}],"replies":[{"embeddable":true,"href":"http:\/\/mspontocom.com.br\/site\/wp-json\/wp\/v2\/comments?post=201511"}],"version-history":[{"count":2,"href":"http:\/\/mspontocom.com.br\/site\/wp-json\/wp\/v2\/posts\/201511\/revisions"}],"predecessor-version":[{"id":201522,"href":"http:\/\/mspontocom.com.br\/site\/wp-json\/wp\/v2\/posts\/201511\/revisions\/201522"}],"wp:featuredmedia":[{"embeddable":true,"href":"http:\/\/mspontocom.com.br\/site\/wp-json\/wp\/v2\/media\/201521"}],"wp:attachment":[{"href":"http:\/\/mspontocom.com.br\/site\/wp-json\/wp\/v2\/media?parent=201511"}],"wp:term":[{"taxonomy":"category","embeddable":true,"href":"http:\/\/mspontocom.com.br\/site\/wp-json\/wp\/v2\/categories?post=201511"},{"taxonomy":"post_tag","embeddable":true,"href":"http:\/\/mspontocom.com.br\/site\/wp-json\/wp\/v2\/tags?post=201511"}],"curies":[{"name":"wp","href":"https:\/\/api.w.org\/{rel}","templated":true}]}}