{"id":201513,"date":"2025-07-21T06:29:02","date_gmt":"2025-07-21T10:29:02","guid":{"rendered":"https:\/\/mspontocom.com.br\/site\/?p=201513"},"modified":"2025-07-21T06:29:02","modified_gmt":"2025-07-21T10:29:02","slug":"oposicao-celebra-atos-pro-bolsonaro-o-povo-acordou","status":"publish","type":"post","link":"http:\/\/mspontocom.com.br\/site\/oposicao-celebra-atos-pro-bolsonaro-o-povo-acordou\/","title":{"rendered":"Oposi\u00e7\u00e3o celebra atos pr\u00f3-Bolsonaro: \u2018o povo acordou\u2019"},"content":{"rendered":"<p style=\"text-align: justify;\"><img loading=\"lazy\" class=\"alignnone size-full wp-image-201519\" src=\"http:\/\/mspontocom.com.br\/site\/wp-content\/uploads\/2025\/07\/site-oposicao-celebra-atos-pro-bolsonaro-o-povo-acordou-brasilia.webp\" alt=\"\" width=\"1170\" height=\"700\" srcset=\"http:\/\/mspontocom.com.br\/site\/wp-content\/uploads\/2025\/07\/site-oposicao-celebra-atos-pro-bolsonaro-o-povo-acordou-brasilia.webp 1170w, http:\/\/mspontocom.com.br\/site\/wp-content\/uploads\/2025\/07\/site-oposicao-celebra-atos-pro-bolsonaro-o-povo-acordou-brasilia-260x156.webp 260w, http:\/\/mspontocom.com.br\/site\/wp-content\/uploads\/2025\/07\/site-oposicao-celebra-atos-pro-bolsonaro-o-povo-acordou-brasilia-1024x613.webp 1024w, http:\/\/mspontocom.com.br\/site\/wp-content\/uploads\/2025\/07\/site-oposicao-celebra-atos-pro-bolsonaro-o-povo-acordou-brasilia-768x459.webp 768w\" sizes=\"(max-width: 1170px) 100vw, 1170px\" \/>Deputados de oposi\u00e7\u00e3o comentaram as manifesta\u00e7\u00f5es <strong>pr\u00f3-Jair Bolsonaro<\/strong> que tomaram as ruas de diversas capitais do pa\u00eds, neste domingo (20), com o tema \u201cem defesa da liberdade\u201d.<\/p>\n<p style=\"text-align: justify;\">Para o vice-l\u00edder da Oposi\u00e7\u00e3o na C\u00e2mara, deputado Sanderson (PL-RS), os brasileiros foram \u00e0s ruas em defesa da liberdade e da justi\u00e7a.<\/p>\n<div id=\"ddp-ads-AD-51\" style=\"text-align: justify;\" data-google-query-id=\"CJmwnKfYzY4DFU6LYQYdX5oUYw\">\n<blockquote>\n<div id=\"google_ads_iframe_\/21727414016\/AD-51_0__container__\"><em>\u201cParab\u00e9ns a todos os patriotas que deixaram claro que n\u00e3o aceitam a persegui\u00e7\u00e3o pol\u00edtica contra nosso l\u00edder, Jair Bolsonaro! As manifesta\u00e7\u00f5es ecoam o grito de milh\u00f5es que n\u00e3o se calar\u00e3o. For\u00e7a, Bolsonaro! O Brasil est\u00e1 contigo!\u201d<\/em><\/div>\n<\/blockquote>\n<\/div>\n<p style=\"text-align: justify;\">Na mesma linha, o deputado Rodrigo Valadares (Uni\u00e3o-SE) afirmou que\u00a0<em>\u201cuma tornozeleira n\u00e3o silencia um povo que luta por liberdade\u201d.<\/em><\/p>\n<blockquote><p><em>\u201cBrasileiros foram \u00e0s ruas para defender a democracia e repudiar a injusti\u00e7a! O Brasil acordou! Quando o povo ocupa as ruas, a mudan\u00e7a se torna inevit\u00e1vel.\u201d<\/em><\/p><\/blockquote>\n<p style=\"text-align: justify;\">J\u00e1 o deputado Coronel Tadeu (PL-SP) destacou que impor tornozeleira a um l\u00edder popular como Bolsonaro \u00e9 um ataque \u00e0 vontade da popula\u00e7\u00e3o.<\/p>\n<blockquote><p><em>\u201cHoje o povo brasileiro gritou: liberdade sim, persegui\u00e7\u00e3o n\u00e3o! As ruas clamaram por justi\u00e7a. Bolsonaro n\u00e3o est\u00e1 sozinho. A na\u00e7\u00e3o defende seus valores e seu l\u00edder com coragem!\u201d<\/em><\/p><\/blockquote>\n<p style=\"text-align: justify;\">Encerrando, o deputado Capit\u00e3o Alberto Neto (PL-AM) se emocionou com a mobiliza\u00e7\u00e3o.<\/p>\n<blockquote><p><em>\u201cAs manifesta\u00e7\u00f5es de hoje tocam qualquer patriota. O povo sabe quem est\u00e1 do lado certo da hist\u00f3ria. Liberdade n\u00e3o se negocia. Bolsonaro n\u00e3o est\u00e1 s\u00f3!\u201d<\/em><\/p><\/blockquote>\n<p style=\"text-align: justify;\">Tamb\u00e9m presente na an\u00e1lise, o deputado Rodolfo Nogueira (PL-MS) afirmou que o povo est\u00e1 atento e deseja equil\u00edbrio.<\/p>\n<blockquote>\n<p style=\"text-align: justify;\"><em>\u201cAs manifesta\u00e7\u00f5es deste domingo mostram que o povo brasileiro est\u00e1 atento e preocupado com os rumos da nossa democracia.\u00a0 O Brasil precisa de equil\u00edbrio institucional e respeito \u00e0 vontade popular. O povo foi \u00e0s ruas em paz, pedindo liberdade e justi\u00e7a \u2014 e isso precisa ser ouvido.\u201d<\/em><\/p>\n<\/blockquote>\n","protected":false},"excerpt":{"rendered":"<p>Deputados de oposi\u00e7\u00e3o comentaram as manifesta\u00e7\u00f5es pr\u00f3-Jair Bolsonaro que tomaram as ruas de diversas capitais do pa\u00eds, neste domingo (20), com o tema \u201cem defesa da liberdade\u201d. Para o vice-l\u00edder da Oposi\u00e7\u00e3o na C\u00e2mara, deputado Sanderson (PL-RS), os brasileiros foram \u00e0s ruas em defesa da liberdade e da justi\u00e7a. \u201cParab\u00e9ns a todos os patriotas que [&hellip;]<\/p>\n","protected":false},"author":2,"featured_media":201519,"comment_status":"open","ping_status":"open","sticky":false,"template":"","format":"standard","meta":{"_monsterinsights_skip_tracking":false,"_monsterinsights_sitenote_active":false,"_monsterinsights_sitenote_note":"","_monsterinsights_sitenote_category":0},"categories":[6,30260,30259,12],"tags":[24619,43287,43288,4285,32473],"aioseo_notices":[],"_links":{"self":[{"href":"http:\/\/mspontocom.com.br\/site\/wp-json\/wp\/v2\/posts\/201513"}],"collection":[{"href":"http:\/\/mspontocom.com.br\/site\/wp-json\/wp\/v2\/posts"}],"about":[{"href":"http:\/\/mspontocom.com.br\/site\/wp-json\/wp\/v2\/types\/post"}],"author":[{"embeddable":true,"href":"http:\/\/mspontocom.com.br\/site\/wp-json\/wp\/v2\/users\/2"}],"replies":[{"embeddable":true,"href":"http:\/\/mspontocom.com.br\/site\/wp-json\/wp\/v2\/comments?post=201513"}],"version-history":[{"count":2,"href":"http:\/\/mspontocom.com.br\/site\/wp-json\/wp\/v2\/posts\/201513\/revisions"}],"predecessor-version":[{"id":201520,"href":"http:\/\/mspontocom.com.br\/site\/wp-json\/wp\/v2\/posts\/201513\/revisions\/201520"}],"wp:featuredmedia":[{"embeddable":true,"href":"http:\/\/mspontocom.com.br\/site\/wp-json\/wp\/v2\/media\/201519"}],"wp:attachment":[{"href":"http:\/\/mspontocom.com.br\/site\/wp-json\/wp\/v2\/media?parent=201513"}],"wp:term":[{"taxonomy":"category","embeddable":true,"href":"http:\/\/mspontocom.com.br\/site\/wp-json\/wp\/v2\/categories?post=201513"},{"taxonomy":"post_tag","embeddable":true,"href":"http:\/\/mspontocom.com.br\/site\/wp-json\/wp\/v2\/tags?post=201513"}],"curies":[{"name":"wp","href":"https:\/\/api.w.org\/{rel}","templated":true}]}}