{"id":201515,"date":"2025-07-21T06:21:29","date_gmt":"2025-07-21T10:21:29","guid":{"rendered":"https:\/\/mspontocom.com.br\/site\/?p=201515"},"modified":"2025-07-21T06:21:29","modified_gmt":"2025-07-21T10:21:29","slug":"mais-de-15-mil-advogados-repudiam-ato-de-moraes-e-veem-ataque-ao-estado-de-direito","status":"publish","type":"post","link":"http:\/\/mspontocom.com.br\/site\/mais-de-15-mil-advogados-repudiam-ato-de-moraes-e-veem-ataque-ao-estado-de-direito\/","title":{"rendered":"Mais de 15 mil advogados repudiam ato de Moraes e veem ataque ao Estado de Direito"},"content":{"rendered":"<p style=\"text-align: justify;\"><img loading=\"lazy\" class=\"alignnone size-full wp-image-201517\" src=\"http:\/\/mspontocom.com.br\/site\/wp-content\/uploads\/2025\/07\/site-mais-de-15-mil-advogados-repudiam-ato-de-moraes-e-veem-ataque-ao-estado-de-direito-bolsonaro-alexandre-moraes.jpeg\" alt=\"\" width=\"1260\" height=\"680\" srcset=\"http:\/\/mspontocom.com.br\/site\/wp-content\/uploads\/2025\/07\/site-mais-de-15-mil-advogados-repudiam-ato-de-moraes-e-veem-ataque-ao-estado-de-direito-bolsonaro-alexandre-moraes.jpeg 1260w, http:\/\/mspontocom.com.br\/site\/wp-content\/uploads\/2025\/07\/site-mais-de-15-mil-advogados-repudiam-ato-de-moraes-e-veem-ataque-ao-estado-de-direito-bolsonaro-alexandre-moraes-260x140.jpeg 260w, http:\/\/mspontocom.com.br\/site\/wp-content\/uploads\/2025\/07\/site-mais-de-15-mil-advogados-repudiam-ato-de-moraes-e-veem-ataque-ao-estado-de-direito-bolsonaro-alexandre-moraes-1024x553.jpeg 1024w, http:\/\/mspontocom.com.br\/site\/wp-content\/uploads\/2025\/07\/site-mais-de-15-mil-advogados-repudiam-ato-de-moraes-e-veem-ataque-ao-estado-de-direito-bolsonaro-alexandre-moraes-768x414.jpeg 768w\" sizes=\"(max-width: 1260px) 100vw, 1260px\" \/>Os grupos Movimento de Advogados de Direita Brasil e Movimento Advogados do Brasil, que juntos somam <strong>mais de 15 mil membros<\/strong>, expressaram seu apoio a<strong> Jair Bolsonaro,<\/strong> ap\u00f3s a opera\u00e7\u00e3o da Pol\u00edcia Federal contra o ex-presidente.<\/p>\n<p style=\"text-align: justify;\">De acordo com os movimentos, o ato do juiz do STF <strong>Alexandre de Moraes<\/strong> configura \u201cevidente desvio de finalidade, invers\u00e3o processual e ataque aos pilares do Estado Democr\u00e1tico de Direito\u201d.<\/p>\n<h4 id=\"h-leia-a-carta-em-defesa-de-jair-bolsonaro-nbsp\" class=\"wp-block-heading\" style=\"text-align: justify;\"><span style=\"font-size: 18pt;\">Leia o manifesto em defesa de Jair Bolsonaro<\/span><\/h4>\n<blockquote class=\"wp-block-quote is-layout-flow wp-block-quote-is-layout-flow\"><p><em>\u201cO Movimento Advogados de Direita Brasil e o Movimento Advogados do Brasil v\u00eam a p\u00fablico expressar sua mais firme oposi\u00e7\u00e3o \u00e0s medidas cautelares determinadas pelo ministro Alexandre de Moraes contra o presidente Jair Bolsonaro,\u00a0 em evidente desvio de finalidade, invers\u00e3o processual e ataque aos pilares do Estado Democr\u00e1tico de Direito.<\/em><\/p><\/blockquote>\n<p style=\"text-align: justify;\"><span style=\"font-size: 18pt;\"><strong>Medidas grav\u00edssimas<\/strong><\/span><\/p>\n<p style=\"text-align: justify;\">Sob o pretexto de suposta \u2018obstru\u00e7\u00e3o de justi\u00e7a\u2019 e \u2018atentado \u00e0 soberania\u2019, imp\u00f4s-se ao ex-presidente um verdadeiro regime de pris\u00e3o domiciliar disfar\u00e7ada e censura total nas redes sociais, <strong>medida essa grav\u00edssima<\/strong>, que compromete sua liberdade de express\u00e3o e exclui sua voz do debate p\u00fablico.<\/p>\n<p style=\"text-align: justify;\">As informa\u00e7\u00f5es s\u00e3o da\u00a0<strong><em>Revista Oeste.<\/em><\/strong><\/p>\n","protected":false},"excerpt":{"rendered":"<p>Os grupos Movimento de Advogados de Direita Brasil e Movimento Advogados do Brasil, que juntos somam mais de 15 mil membros, expressaram seu apoio a Jair Bolsonaro, ap\u00f3s a opera\u00e7\u00e3o da Pol\u00edcia Federal contra o ex-presidente. De acordo com os movimentos, o ato do juiz do STF Alexandre de Moraes configura \u201cevidente desvio de finalidade, [&hellip;]<\/p>\n","protected":false},"author":2,"featured_media":201517,"comment_status":"open","ping_status":"open","sticky":false,"template":"","format":"standard","meta":{"_monsterinsights_skip_tracking":false,"_monsterinsights_sitenote_active":false,"_monsterinsights_sitenote_note":"","_monsterinsights_sitenote_category":0},"categories":[6,30260,2528,30259,12],"tags":[43284,24864,43286,35247,43285],"aioseo_notices":[],"_links":{"self":[{"href":"http:\/\/mspontocom.com.br\/site\/wp-json\/wp\/v2\/posts\/201515"}],"collection":[{"href":"http:\/\/mspontocom.com.br\/site\/wp-json\/wp\/v2\/posts"}],"about":[{"href":"http:\/\/mspontocom.com.br\/site\/wp-json\/wp\/v2\/types\/post"}],"author":[{"embeddable":true,"href":"http:\/\/mspontocom.com.br\/site\/wp-json\/wp\/v2\/users\/2"}],"replies":[{"embeddable":true,"href":"http:\/\/mspontocom.com.br\/site\/wp-json\/wp\/v2\/comments?post=201515"}],"version-history":[{"count":2,"href":"http:\/\/mspontocom.com.br\/site\/wp-json\/wp\/v2\/posts\/201515\/revisions"}],"predecessor-version":[{"id":201518,"href":"http:\/\/mspontocom.com.br\/site\/wp-json\/wp\/v2\/posts\/201515\/revisions\/201518"}],"wp:featuredmedia":[{"embeddable":true,"href":"http:\/\/mspontocom.com.br\/site\/wp-json\/wp\/v2\/media\/201517"}],"wp:attachment":[{"href":"http:\/\/mspontocom.com.br\/site\/wp-json\/wp\/v2\/media?parent=201515"}],"wp:term":[{"taxonomy":"category","embeddable":true,"href":"http:\/\/mspontocom.com.br\/site\/wp-json\/wp\/v2\/categories?post=201515"},{"taxonomy":"post_tag","embeddable":true,"href":"http:\/\/mspontocom.com.br\/site\/wp-json\/wp\/v2\/tags?post=201515"}],"curies":[{"name":"wp","href":"https:\/\/api.w.org\/{rel}","templated":true}]}}