{"id":201523,"date":"2025-07-21T06:55:33","date_gmt":"2025-07-21T10:55:33","guid":{"rendered":"https:\/\/mspontocom.com.br\/site\/?p=201523"},"modified":"2025-07-21T06:55:33","modified_gmt":"2025-07-21T10:55:33","slug":"moro-diz-que-decisao-de-moraes-e-uma-escalada-sem-precedentes-com-os-eua","status":"publish","type":"post","link":"http:\/\/mspontocom.com.br\/site\/moro-diz-que-decisao-de-moraes-e-uma-escalada-sem-precedentes-com-os-eua\/","title":{"rendered":"Moro diz que decis\u00e3o de Moraes \u00e9 uma escalada sem precedentes com os EUA"},"content":{"rendered":"<p style=\"text-align: justify;\"><img loading=\"lazy\" class=\"alignnone size-full wp-image-201524\" src=\"http:\/\/mspontocom.com.br\/site\/wp-content\/uploads\/2025\/07\/site-moro-diz-que-decisao-contra-bolsonaro-e-uma-escalada-sem-precedentes-com-os-eua-alemoro.jpeg\" alt=\"\" width=\"1300\" height=\"691\" srcset=\"http:\/\/mspontocom.com.br\/site\/wp-content\/uploads\/2025\/07\/site-moro-diz-que-decisao-contra-bolsonaro-e-uma-escalada-sem-precedentes-com-os-eua-alemoro.jpeg 1300w, http:\/\/mspontocom.com.br\/site\/wp-content\/uploads\/2025\/07\/site-moro-diz-que-decisao-contra-bolsonaro-e-uma-escalada-sem-precedentes-com-os-eua-alemoro-260x138.jpeg 260w, http:\/\/mspontocom.com.br\/site\/wp-content\/uploads\/2025\/07\/site-moro-diz-que-decisao-contra-bolsonaro-e-uma-escalada-sem-precedentes-com-os-eua-alemoro-1024x544.jpeg 1024w, http:\/\/mspontocom.com.br\/site\/wp-content\/uploads\/2025\/07\/site-moro-diz-que-decisao-contra-bolsonaro-e-uma-escalada-sem-precedentes-com-os-eua-alemoro-768x408.jpeg 768w\" sizes=\"(max-width: 1300px) 100vw, 1300px\" \/>O senador <strong>Sergio Moro<\/strong> afirmou neste domingo que as medidas cautelares impostas pelo STF) ao ex-presidente <strong>Jair Bolsonaro<\/strong> (PL) representam uma <strong>&#8220;escalada sem precedentes&#8221;<\/strong> preocupante porque, em sua opini\u00e3o, dificultam negocia\u00e7\u00f5es com o governo norte-americano.<\/p>\n<blockquote><p><span style=\"font-size: 14pt;\"><em>&#8220;Estou vendo com muita preocupa\u00e7\u00e3o essa escalada que pode dificultar o estabelecimento de pontes e negocia\u00e7\u00f5es com o governo norte-americano&#8221;, afirmou Moro em comunicado \u00e0 imprensa.<\/em><\/span><\/p><\/blockquote>\n<p style=\"text-align: justify;\">\u00a0Moro diz logo em seguida que assuntos de Justi\u00e7a devem ser tratados internamente.<\/p>\n<blockquote><p><em>&#8220;Os assuntos internos de Justi\u00e7a s\u00e3o uma quest\u00e3o nossa a ser trabalhada&#8221;, afirmou o senador, que durante a Lava-Jato, como juiz, manteve \u00edntima parceria com \u00f3rg\u00e3os do governo norte-americano.<\/em><\/p><\/blockquote>\n<article class=\"gh-article post tag-sergio-moro tag-poder\">\n<section class=\"gh-content gh-canvas is-body\">\n<p style=\"text-align: justify;\">Moro ainda aproveitou para &#8220;fazer um comparativo do que est\u00e1 acontecendo com o Bolsonaro do que a gente viu no processo do Lula&#8221;.<\/p>\n<p style=\"text-align: justify;\">Segundo ele, quando esteve \u00e0 frente dos processos de Lula, \u00e0 \u00e9poca da Lava-Jato, o petista &#8220;nunca foi proibido de se manifestar publicamente ou de dar entrevistas ou de se posicionar em rede social&#8221;.<\/p>\n<p style=\"text-align: justify;\">\n<\/section>\n<\/article>\n<div class=\"gh-comments gh-canvas\"><\/div>\n","protected":false},"excerpt":{"rendered":"<p>O senador Sergio Moro afirmou neste domingo que as medidas cautelares impostas pelo STF) ao ex-presidente Jair Bolsonaro (PL) representam uma &#8220;escalada sem precedentes&#8221; preocupante porque, em sua opini\u00e3o, dificultam negocia\u00e7\u00f5es com o governo norte-americano. &#8220;Estou vendo com muita preocupa\u00e7\u00e3o essa escalada que pode dificultar o estabelecimento de pontes e negocia\u00e7\u00f5es com o governo norte-americano&#8221;, [&hellip;]<\/p>\n","protected":false},"author":2,"featured_media":201524,"comment_status":"open","ping_status":"open","sticky":false,"template":"","format":"standard","meta":{"_monsterinsights_skip_tracking":false,"_monsterinsights_sitenote_active":false,"_monsterinsights_sitenote_note":"","_monsterinsights_sitenote_category":0},"categories":[2528,12],"tags":[30516,43290,1539,35247,23158],"aioseo_notices":[],"_links":{"self":[{"href":"http:\/\/mspontocom.com.br\/site\/wp-json\/wp\/v2\/posts\/201523"}],"collection":[{"href":"http:\/\/mspontocom.com.br\/site\/wp-json\/wp\/v2\/posts"}],"about":[{"href":"http:\/\/mspontocom.com.br\/site\/wp-json\/wp\/v2\/types\/post"}],"author":[{"embeddable":true,"href":"http:\/\/mspontocom.com.br\/site\/wp-json\/wp\/v2\/users\/2"}],"replies":[{"embeddable":true,"href":"http:\/\/mspontocom.com.br\/site\/wp-json\/wp\/v2\/comments?post=201523"}],"version-history":[{"count":1,"href":"http:\/\/mspontocom.com.br\/site\/wp-json\/wp\/v2\/posts\/201523\/revisions"}],"predecessor-version":[{"id":201525,"href":"http:\/\/mspontocom.com.br\/site\/wp-json\/wp\/v2\/posts\/201523\/revisions\/201525"}],"wp:featuredmedia":[{"embeddable":true,"href":"http:\/\/mspontocom.com.br\/site\/wp-json\/wp\/v2\/media\/201524"}],"wp:attachment":[{"href":"http:\/\/mspontocom.com.br\/site\/wp-json\/wp\/v2\/media?parent=201523"}],"wp:term":[{"taxonomy":"category","embeddable":true,"href":"http:\/\/mspontocom.com.br\/site\/wp-json\/wp\/v2\/categories?post=201523"},{"taxonomy":"post_tag","embeddable":true,"href":"http:\/\/mspontocom.com.br\/site\/wp-json\/wp\/v2\/tags?post=201523"}],"curies":[{"name":"wp","href":"https:\/\/api.w.org\/{rel}","templated":true}]}}