{"id":201545,"date":"2025-07-22T04:49:04","date_gmt":"2025-07-22T08:49:04","guid":{"rendered":"https:\/\/mspontocom.com.br\/site\/?p=201545"},"modified":"2025-07-22T05:49:34","modified_gmt":"2025-07-22T09:49:34","slug":"bolsonaro-vai-pra-cima-e-vai-mobilizar-agro-e-caminhoneiros","status":"publish","type":"post","link":"http:\/\/mspontocom.com.br\/site\/bolsonaro-vai-pra-cima-e-vai-mobilizar-agro-e-caminhoneiros\/","title":{"rendered":"Bolsonaro vai pr\u00e1 cima e vai mobilizar agro e caminhoneiros"},"content":{"rendered":"<p style=\"text-align: justify;\"><img loading=\"lazy\" class=\"alignnone size-full wp-image-201556\" src=\"http:\/\/mspontocom.com.br\/site\/wp-content\/uploads\/2025\/07\/site-bolsonaro-vai-pra-cima-e-vai-mobilizar-agro-e-caminhoneiros-bolsonaro-bravo-e1753177608942.jpg\" alt=\"\" width=\"1598\" height=\"864\" srcset=\"http:\/\/mspontocom.com.br\/site\/wp-content\/uploads\/2025\/07\/site-bolsonaro-vai-pra-cima-e-vai-mobilizar-agro-e-caminhoneiros-bolsonaro-bravo-e1753177608942.jpg 1598w, http:\/\/mspontocom.com.br\/site\/wp-content\/uploads\/2025\/07\/site-bolsonaro-vai-pra-cima-e-vai-mobilizar-agro-e-caminhoneiros-bolsonaro-bravo-e1753177608942-260x141.jpg 260w, http:\/\/mspontocom.com.br\/site\/wp-content\/uploads\/2025\/07\/site-bolsonaro-vai-pra-cima-e-vai-mobilizar-agro-e-caminhoneiros-bolsonaro-bravo-e1753177608942-1024x554.jpg 1024w, http:\/\/mspontocom.com.br\/site\/wp-content\/uploads\/2025\/07\/site-bolsonaro-vai-pra-cima-e-vai-mobilizar-agro-e-caminhoneiros-bolsonaro-bravo-e1753177608942-768x415.jpg 768w, http:\/\/mspontocom.com.br\/site\/wp-content\/uploads\/2025\/07\/site-bolsonaro-vai-pra-cima-e-vai-mobilizar-agro-e-caminhoneiros-bolsonaro-bravo-e1753177608942-1536x830.jpg 1536w\" sizes=\"(max-width: 1598px) 100vw, 1598px\" \/>Acusado de tentar um suposto golpe de Estado, Jair Bolsonaro\u00a0 decidiu cumprir a proibi\u00e7\u00e3o de dar entrevistas.<\/p>\n<p style=\"text-align: justify;\">Mas, depois de reuni\u00e3o com parlamentares, a oposi\u00e7\u00e3o definiu como estrat\u00e9gia uma mobiliza\u00e7\u00e3o nacional com agro e caminhoneiros.<\/p>\n<p style=\"text-align: justify;\"><span style=\"font-size: 14pt;\"><strong>A direita quer apoio dos caminhoneiros e do agroneg\u00f3cio. <\/strong><\/span><\/p>\n<p style=\"text-align: justify;\">Os dois setores sempre estiveram alinhados ao bolsonarismo.<\/p>\n<p style=\"text-align: justify;\">O deputado Rodolfo Nogueira (PL-MS) vai atuar com o agro, e Z\u00e9 Trov\u00e3o (PL-SC) vai conversar com os caminhoneiros.<\/p>\n<p style=\"text-align: justify;\"><span style=\"font-size: 14pt;\"><strong>Uma mobiliza\u00e7\u00e3o nacional foi convocada para 3 de agosto.<\/strong><\/span><\/p>\n<p style=\"text-align: justify;\">Est\u00e1 prevista para ocorrer em todas as capitais e a data foi escolhida por ocorrer no dia anterior ao fim do recesso.<\/p>\n<p style=\"text-align: justify;\"><span style=\"font-size: 14pt;\"><strong>O l\u00edder no recesso.<\/strong><\/span><\/p>\n<p style=\"text-align: justify;\">O l\u00edder do PL na C\u00e2mara, S\u00f3stenes Cavalcante (RJ), disse que a manifesta\u00e7\u00e3o ter\u00e1 um tom mais forte contra o STF .<\/p>\n<p style=\"text-align: justify;\">Tamb\u00e9m vai ser em seguida da entrada em vigor do tarifa\u00e7o anunciado pelo presidente dos EUA, Donald Trump, em 1\u00ba de agosto.<\/p>\n<p style=\"text-align: justify;\">O restante da rea\u00e7\u00e3o da oposi\u00e7\u00e3o inclui <strong>impeachment de Alexandre de Moraes,<\/strong> relator do processo contra Bolsonaro no STF, acusa\u00e7\u00f5es de censura e anistia.<\/p>\n<p style=\"text-align: justify;\"><span style=\"font-size: 14pt;\"><strong>Uma comiss\u00e3o foi formada para organizar a mobiliza\u00e7\u00e3o. <\/strong><\/span><\/p>\n<p style=\"text-align: justify;\">O grupo vai discutir alternativas em encontro previsto para durar at\u00e9 as 19h.<\/p>\n<p style=\"text-align: justify;\">A atitude ocorre depois de o governo classificar as articula\u00e7\u00f5es de Eduardo Bolsonaro como trai\u00e7\u00e3o \u00e0 p\u00e1tria.<\/p>\n<blockquote>\n<p style=\"text-align: justify;\"><em>Daqui para a frente n\u00f3s vamos ocupar as ruas do Brasil para ser a voz do presidente Bolsonaro, declarou o l\u00edder do PL na C\u00e2mara, S\u00f3stenes Cavalcante.<\/em><\/p>\n<\/blockquote>\n","protected":false},"excerpt":{"rendered":"<p>Acusado de tentar um suposto golpe de Estado, Jair Bolsonaro\u00a0 decidiu cumprir a proibi\u00e7\u00e3o de dar entrevistas. Mas, depois de reuni\u00e3o com parlamentares, a oposi\u00e7\u00e3o definiu como estrat\u00e9gia uma mobiliza\u00e7\u00e3o nacional com agro e caminhoneiros. A direita quer apoio dos caminhoneiros e do agroneg\u00f3cio. Os dois setores sempre estiveram alinhados ao bolsonarismo. O deputado Rodolfo [&hellip;]<\/p>\n","protected":false},"author":2,"featured_media":201556,"comment_status":"open","ping_status":"open","sticky":false,"template":"","format":"standard","meta":{"_monsterinsights_skip_tracking":false,"_monsterinsights_sitenote_active":false,"_monsterinsights_sitenote_note":"","_monsterinsights_sitenote_category":0},"categories":[6,30260,30259,12],"tags":[19200,21017,5584,43295],"aioseo_notices":[],"_links":{"self":[{"href":"http:\/\/mspontocom.com.br\/site\/wp-json\/wp\/v2\/posts\/201545"}],"collection":[{"href":"http:\/\/mspontocom.com.br\/site\/wp-json\/wp\/v2\/posts"}],"about":[{"href":"http:\/\/mspontocom.com.br\/site\/wp-json\/wp\/v2\/types\/post"}],"author":[{"embeddable":true,"href":"http:\/\/mspontocom.com.br\/site\/wp-json\/wp\/v2\/users\/2"}],"replies":[{"embeddable":true,"href":"http:\/\/mspontocom.com.br\/site\/wp-json\/wp\/v2\/comments?post=201545"}],"version-history":[{"count":2,"href":"http:\/\/mspontocom.com.br\/site\/wp-json\/wp\/v2\/posts\/201545\/revisions"}],"predecessor-version":[{"id":201557,"href":"http:\/\/mspontocom.com.br\/site\/wp-json\/wp\/v2\/posts\/201545\/revisions\/201557"}],"wp:featuredmedia":[{"embeddable":true,"href":"http:\/\/mspontocom.com.br\/site\/wp-json\/wp\/v2\/media\/201556"}],"wp:attachment":[{"href":"http:\/\/mspontocom.com.br\/site\/wp-json\/wp\/v2\/media?parent=201545"}],"wp:term":[{"taxonomy":"category","embeddable":true,"href":"http:\/\/mspontocom.com.br\/site\/wp-json\/wp\/v2\/categories?post=201545"},{"taxonomy":"post_tag","embeddable":true,"href":"http:\/\/mspontocom.com.br\/site\/wp-json\/wp\/v2\/tags?post=201545"}],"curies":[{"name":"wp","href":"https:\/\/api.w.org\/{rel}","templated":true}]}}