{"id":201550,"date":"2025-07-22T05:16:46","date_gmt":"2025-07-22T09:16:46","guid":{"rendered":"https:\/\/mspontocom.com.br\/site\/?p=201550"},"modified":"2025-07-22T05:16:46","modified_gmt":"2025-07-22T09:16:46","slug":"moro-confronta-stf-e-defende-agro-das-invasoes-de-terras-produtivas","status":"publish","type":"post","link":"http:\/\/mspontocom.com.br\/site\/moro-confronta-stf-e-defende-agro-das-invasoes-de-terras-produtivas\/","title":{"rendered":"Moro confronta STF e defende agro das invas\u00f5es de terras produtivas"},"content":{"rendered":"<p style=\"text-align: justify;\"><img loading=\"lazy\" class=\"alignnone size-full wp-image-201551\" src=\"http:\/\/mspontocom.com.br\/site\/wp-content\/uploads\/2025\/07\/site-moro-confronta-stf-e-defende-agro-das-invasoes-moro-preside.jpg\" alt=\"\" width=\"768\" height=\"512\" srcset=\"http:\/\/mspontocom.com.br\/site\/wp-content\/uploads\/2025\/07\/site-moro-confronta-stf-e-defende-agro-das-invasoes-moro-preside.jpg 768w, http:\/\/mspontocom.com.br\/site\/wp-content\/uploads\/2025\/07\/site-moro-confronta-stf-e-defende-agro-das-invasoes-moro-preside-260x173.jpg 260w\" sizes=\"(max-width: 768px) 100vw, 768px\" \/>O senador S\u00e9rgio Moro (Uni\u00e3o Brasil) esteve em Gua\u00edra, interior do estado do Paran\u00e1 para uma importante agenda com l\u00edderes empresariais, destacando-se o debate acerca das crescentes invas\u00f5es de terras produtivas.<\/p>\n<p style=\"text-align: justify;\">O encontro\u00a0 foi sediado na Associa\u00e7\u00e3o Comercial e Empresarial do munic\u00edpio.<\/p>\n<p style=\"text-align: justify;\">Durante o encontro, S\u00e9rgio Moro enfatizou a relev\u00e2ncia de ouvir as necessidades do agroneg\u00f3cio brasileiro,\u00a0 abordando especialmente a controv\u00e9rsia em torno do Marco Temporal.<\/p>\n<p style=\"text-align: justify;\">O senador sublinhou as dificuldades enfrentadas para encontrar solu\u00e7\u00f5es eficazes diante das disputas entre Executivo, Legislativo e Judici\u00e1rio, apontando para a fragilidade dos decretos que buscam conter as invas\u00f5es,<strong> frequentemente contestados pelo STF.<\/strong><\/p>\n<p style=\"text-align: justify;\">Sergio Moro reafirmou seu compromisso firme na defesa do setor produtivo, demandando respostas imediatas e dentro dos marcos legais para conter o avan\u00e7o das invas\u00f5es de propriedades produtivas.<\/p>\n<p>&nbsp;<\/p>\n<p>&nbsp;<\/p>\n<p>&nbsp;<\/p>\n","protected":false},"excerpt":{"rendered":"<p>O senador S\u00e9rgio Moro (Uni\u00e3o Brasil) esteve em Gua\u00edra, interior do estado do Paran\u00e1 para uma importante agenda com l\u00edderes empresariais, destacando-se o debate acerca das crescentes invas\u00f5es de terras produtivas. O encontro\u00a0 foi sediado na Associa\u00e7\u00e3o Comercial e Empresarial do munic\u00edpio. Durante o encontro, S\u00e9rgio Moro enfatizou a relev\u00e2ncia de ouvir as necessidades do [&hellip;]<\/p>\n","protected":false},"author":2,"featured_media":201551,"comment_status":"open","ping_status":"open","sticky":false,"template":"","format":"standard","meta":{"_monsterinsights_skip_tracking":false,"_monsterinsights_sitenote_active":false,"_monsterinsights_sitenote_note":"","_monsterinsights_sitenote_category":0},"categories":[2528,12,14],"tags":[19200,43293,24612,9711,23158,43294,3014],"aioseo_notices":[],"_links":{"self":[{"href":"http:\/\/mspontocom.com.br\/site\/wp-json\/wp\/v2\/posts\/201550"}],"collection":[{"href":"http:\/\/mspontocom.com.br\/site\/wp-json\/wp\/v2\/posts"}],"about":[{"href":"http:\/\/mspontocom.com.br\/site\/wp-json\/wp\/v2\/types\/post"}],"author":[{"embeddable":true,"href":"http:\/\/mspontocom.com.br\/site\/wp-json\/wp\/v2\/users\/2"}],"replies":[{"embeddable":true,"href":"http:\/\/mspontocom.com.br\/site\/wp-json\/wp\/v2\/comments?post=201550"}],"version-history":[{"count":1,"href":"http:\/\/mspontocom.com.br\/site\/wp-json\/wp\/v2\/posts\/201550\/revisions"}],"predecessor-version":[{"id":201552,"href":"http:\/\/mspontocom.com.br\/site\/wp-json\/wp\/v2\/posts\/201550\/revisions\/201552"}],"wp:featuredmedia":[{"embeddable":true,"href":"http:\/\/mspontocom.com.br\/site\/wp-json\/wp\/v2\/media\/201551"}],"wp:attachment":[{"href":"http:\/\/mspontocom.com.br\/site\/wp-json\/wp\/v2\/media?parent=201550"}],"wp:term":[{"taxonomy":"category","embeddable":true,"href":"http:\/\/mspontocom.com.br\/site\/wp-json\/wp\/v2\/categories?post=201550"},{"taxonomy":"post_tag","embeddable":true,"href":"http:\/\/mspontocom.com.br\/site\/wp-json\/wp\/v2\/tags?post=201550"}],"curies":[{"name":"wp","href":"https:\/\/api.w.org\/{rel}","templated":true}]}}