{"id":201570,"date":"2025-07-22T04:00:32","date_gmt":"2025-07-22T08:00:32","guid":{"rendered":"https:\/\/mspontocom.com.br\/site\/?p=201570"},"modified":"2025-07-22T07:50:39","modified_gmt":"2025-07-22T11:50:39","slug":"ifms-abre-inscricao-para-v-seminario-de-pos-graduacao-online","status":"publish","type":"post","link":"http:\/\/mspontocom.com.br\/site\/ifms-abre-inscricao-para-v-seminario-de-pos-graduacao-online\/","title":{"rendered":"IFMS abre inscri\u00e7\u00e3o para V Semin\u00e1rio de P\u00f3s-Gradua\u00e7\u00e3o online"},"content":{"rendered":"<p dir=\"ltr\" style=\"text-align: justify;\"><img loading=\"lazy\" class=\"alignnone size-full wp-image-201571\" src=\"http:\/\/mspontocom.com.br\/site\/wp-content\/uploads\/2025\/07\/site-ifms-abre-inscricoes-para-v-seminario-de-pos-graduacao-on-ifms1.png\" alt=\"\" width=\"1600\" height=\"980\" srcset=\"http:\/\/mspontocom.com.br\/site\/wp-content\/uploads\/2025\/07\/site-ifms-abre-inscricoes-para-v-seminario-de-pos-graduacao-on-ifms1.png 1600w, http:\/\/mspontocom.com.br\/site\/wp-content\/uploads\/2025\/07\/site-ifms-abre-inscricoes-para-v-seminario-de-pos-graduacao-on-ifms1-260x159.png 260w, http:\/\/mspontocom.com.br\/site\/wp-content\/uploads\/2025\/07\/site-ifms-abre-inscricoes-para-v-seminario-de-pos-graduacao-on-ifms1-1024x627.png 1024w, http:\/\/mspontocom.com.br\/site\/wp-content\/uploads\/2025\/07\/site-ifms-abre-inscricoes-para-v-seminario-de-pos-graduacao-on-ifms1-768x470.png 768w, http:\/\/mspontocom.com.br\/site\/wp-content\/uploads\/2025\/07\/site-ifms-abre-inscricoes-para-v-seminario-de-pos-graduacao-on-ifms1-1536x941.png 1536w\" sizes=\"(max-width: 1600px) 100vw, 1600px\" \/>Est\u00e3o abertas as inscri\u00e7\u00f5es para o V Semin\u00e1rio de P\u00f3s-Gradua\u00e7\u00e3o (Sempog) do Instituto Federal de Mato Grosso do Sul (IFMS), evento que ser\u00e1 realizado em formato virtual entre 23 e 25 de setembro.<\/p>\n<p dir=\"ltr\" style=\"text-align: justify;\">O evento \u00e9 voltado a estudantes e egressos de cursos de especializa\u00e7\u00e3o, mestrado e doutorado do IFMS e de <strong>outras institui\u00e7\u00f5es de ensino p\u00fablicas e privadas.<\/strong><\/p>\n<p dir=\"ltr\" style=\"text-align: justify;\"><strong>Realizado de forma on-line,<\/strong> pelo Google Meet, o Sempog ter\u00e1 na programa\u00e7\u00e3o a realiza\u00e7\u00e3o de mesas tem\u00e1ticas com apresenta\u00e7\u00f5es de trabalhos e resultados de pesquisa, al\u00e9m de debates sobre os temas e quest\u00f5es abordados.<\/p>\n<p style=\"text-align: justify;\">A cerim\u00f4nia de abertura, no dia 23, ser\u00e1 transmitida pelo\u00a0<a title=\"canal do IFMS no YouTube\" href=\"https:\/\/email.ifms.edu.br\/lists\/lt.php?tid=KxkGUFIAVlJTBEtVBVVVTlBQAFJOAQwLVxtbXlBWWlVXVwQDVF4fUlZXVwYDB11OBlwKWk4NDVkPG1pTBgVPAVRTBgcBD1oDAAVUHwBWVQdcUQtQTlsBCFIbDFIAVk9TAgBTH1IAAgUBVlFXAlgBVQ\" target=\"_blank\" rel=\"noopener\" data-saferedirecturl=\"https:\/\/www.google.com\/url?q=https:\/\/email.ifms.edu.br\/lists\/lt.php?tid%3DKxkGUFIAVlJTBEtVBVVVTlBQAFJOAQwLVxtbXlBWWlVXVwQDVF4fUlZXVwYDB11OBlwKWk4NDVkPG1pTBgVPAVRTBgcBD1oDAAVUHwBWVQdcUQtQTlsBCFIbDFIAVk9TAgBTH1IAAgUBVlFXAlgBVQ&amp;source=gmail&amp;ust=1753270412064000&amp;usg=AOvVaw2Fa8IDeaJkv4tcfwIsNYQj\">canal do IFMS no YouTube<\/a><\/p>\n<p dir=\"ltr\" style=\"text-align: justify;\"><strong>Confira a lista de mesas tem\u00e1ticas dispon\u00edveis no V Sempog:<\/strong><\/p>\n<ul style=\"text-align: justify;\">\n<li>Abordagens e Experi\u00eancias Inovadoras em Educa\u00e7\u00e3o Profissional e Tecnol\u00f3gica<\/li>\n<li>A educa\u00e7\u00e3o em interface com a colonialidade do ser, saber, poder, viver e de g\u00eanero: culturas e identidades<\/li>\n<li>A educa\u00e7\u00e3o \u00e9 para todos sem distin\u00e7\u00e3o! \u2013 Experi\u00eancias, viv\u00eancias, pr\u00e1ticas e estudos na perspectiva da educa\u00e7\u00e3o inclusiva<\/li>\n<li>A encruzilhada da palavra: escreviv\u00eancias como gesto pol\u00edtico, est\u00e9tico e pedag\u00f3gico<\/li>\n<li>Corredor Bioce\u00e2nico: A Rota de Integra\u00e7\u00e3o Latino-Americana<\/li>\n<li>Crises do Capitalismo, Guerras Culturais e Pol\u00edticas do Desejo: express\u00f5es do neoliberalismo recente<\/li>\n<li>Desafios Contempor\u00e2neos: Ci\u00eancia, Educa\u00e7\u00e3o e Sustentabilidade<\/li>\n<li>Educa\u00e7\u00e3o no Campo: Saberes, Pr\u00e1ticas e Pol\u00edticas em Perspectiva Interdisciplinar<\/li>\n<li>Educa\u00e7\u00e3o, Trabalho e Politecnia: uma perspectiva para a forma\u00e7\u00e3o humana integral<\/li>\n<li>Experi\u00eancias e desafios na prote\u00e7\u00e3o ambiental<\/li>\n<li>Feminismos Plurais e pol\u00edticas p\u00fablicas para o empoderamento feminino<\/li>\n<li>Inform\u00e1tica Aplicada \u00e0 Educa\u00e7\u00e3o<\/li>\n<li>Interface dos Estudos Lingu\u00edsticos e Liter\u00e1rios: pesquisas, experi\u00eancias e saberes aplicados em diferentes perspectivas<\/li>\n<li>O antirracismo nas encruzilhadas: Pr\u00e1ticas poss\u00edveis para a valoriza\u00e7\u00e3o da hist\u00f3ria e cultura afro-brasileira<\/li>\n<li>O Direito Ind\u00edgena ao exerc\u00edcio da ampla cidadania: Direitos, Pesquisa, Ci\u00eancia, Inova\u00e7\u00e3o, Pol\u00edtica, Cultura, Territorialidade, Prote\u00e7\u00e3o \u00e0 Propriedade Intelectual e Conhecimentos Tradicionais Ind\u00edgenas e Meio Ambiente<\/li>\n<li>O Uso da Rob\u00f3tica Educacional Como Metodologia ou Ferramenta no Processo de Ensino-aprendizagem<\/li>\n<li>Pol\u00edticas lingu\u00edsticas, direitos lingu\u00edsticos e educa\u00e7\u00e3o lingu\u00edstica cr\u00edtica<\/li>\n<li>Pr\u00e1ticas de ensino de l\u00edngua e literatura<\/li>\n<li>Propriedade intelectual e Inova\u00e7\u00e3o<\/li>\n<li>Saberes est\u00e9tico-corp\u00f3reos e a pol\u00edtica do corpo negro: Resist\u00eancias, afirma\u00e7\u00f5es e descoloniza\u00e7\u00f5es<\/li>\n<li>Tecnologias para Seguran\u00e7a Alimentar<\/li>\n<li>Teoria Pol\u00edtica e Pensamento Social e Pol\u00edtico Da Am\u00e9rica Latina<\/li>\n<\/ul>\n<p dir=\"ltr\" style=\"text-align: justify;\"><strong>Sempog<\/strong><\/p>\n<p dir=\"ltr\" style=\"text-align: justify;\">\u00a0Organizado pela Pr\u00f3-Reitoria de Pesquisa, Inova\u00e7\u00e3o e P\u00f3s-Gradua\u00e7\u00e3o (Propi), com o apoio dos campi do IFMS, o Semin\u00e1rio tem como objetivo proporcionar um espa\u00e7o acad\u00eamico que estimule a discuss\u00e3o, a difus\u00e3o e a troca de experi\u00eancias acerca das pesquisas \u2013 de diferentes linhas e matizes.<\/p>\n<p style=\"text-align: justify;\">Em caso de d\u00favidas, o contato deve ser feito pelo e-mail\u00a0<a title=\"sempog@ifms.edu.br\" href=\"mailto:sempog@ifms.edu.br?subject=E-mail\" target=\"_blank\" rel=\"noopener\">sempog@ifms.edu.br<\/a>.<\/p>\n<p dir=\"ltr\" style=\"text-align: justify;\">Todas as informa\u00e7\u00f5es sobre o evento podem ser consultadas no\u00a0<strong><a title=\"Semin\u00e1rio de P\u00f3s-Gradua\u00e7\u00e3o\" href=\"https:\/\/email.ifms.edu.br\/lists\/lt.php?tid=KxkEUFRbWgNaVEtUVARVTlBTVAROAFkKUxtaB1QEUAkBAQcKBAwfUlZXVwYDB11OBlwKWk4NDVkPG1pTBgVPAVRTBgcBD1oDAAVUHwBWVQdcUQtQTlsBCFIbDFIAVk9TAgBTH1IAAgUBVlFXAlgBVQ\" target=\"_blank\" rel=\"noopener\" data-saferedirecturl=\"https:\/\/www.google.com\/url?q=https:\/\/email.ifms.edu.br\/lists\/lt.php?tid%3DKxkEUFRbWgNaVEtUVARVTlBTVAROAFkKUxtaB1QEUAkBAQcKBAwfUlZXVwYDB11OBlwKWk4NDVkPG1pTBgVPAVRTBgcBD1oDAAVUHwBWVQdcUQtQTlsBCFIbDFIAVk9TAgBTH1IAAgUBVlFXAlgBVQ&amp;source=gmail&amp;ust=1753270412064000&amp;usg=AOvVaw0dfiHGgk7Cbch7EV3JlmLG\">hotsite do Semin\u00e1rio de P\u00f3s-Gradua\u00e7\u00e3o<\/a><\/strong>!<\/p>\n","protected":false},"excerpt":{"rendered":"<p>Est\u00e3o abertas as inscri\u00e7\u00f5es para o V Semin\u00e1rio de P\u00f3s-Gradua\u00e7\u00e3o (Sempog) do Instituto Federal de Mato Grosso do Sul (IFMS), evento que ser\u00e1 realizado em formato virtual entre 23 e 25 de setembro. O evento \u00e9 voltado a estudantes e egressos de cursos de especializa\u00e7\u00e3o, mestrado e doutorado do IFMS e de outras institui\u00e7\u00f5es de [&hellip;]<\/p>\n","protected":false},"author":2,"featured_media":201571,"comment_status":"open","ping_status":"open","sticky":false,"template":"","format":"standard","meta":{"_monsterinsights_skip_tracking":false,"_monsterinsights_sitenote_active":false,"_monsterinsights_sitenote_note":"","_monsterinsights_sitenote_category":0},"categories":[76,74],"tags":[972,455,43298],"aioseo_notices":[],"_links":{"self":[{"href":"http:\/\/mspontocom.com.br\/site\/wp-json\/wp\/v2\/posts\/201570"}],"collection":[{"href":"http:\/\/mspontocom.com.br\/site\/wp-json\/wp\/v2\/posts"}],"about":[{"href":"http:\/\/mspontocom.com.br\/site\/wp-json\/wp\/v2\/types\/post"}],"author":[{"embeddable":true,"href":"http:\/\/mspontocom.com.br\/site\/wp-json\/wp\/v2\/users\/2"}],"replies":[{"embeddable":true,"href":"http:\/\/mspontocom.com.br\/site\/wp-json\/wp\/v2\/comments?post=201570"}],"version-history":[{"count":1,"href":"http:\/\/mspontocom.com.br\/site\/wp-json\/wp\/v2\/posts\/201570\/revisions"}],"predecessor-version":[{"id":201572,"href":"http:\/\/mspontocom.com.br\/site\/wp-json\/wp\/v2\/posts\/201570\/revisions\/201572"}],"wp:featuredmedia":[{"embeddable":true,"href":"http:\/\/mspontocom.com.br\/site\/wp-json\/wp\/v2\/media\/201571"}],"wp:attachment":[{"href":"http:\/\/mspontocom.com.br\/site\/wp-json\/wp\/v2\/media?parent=201570"}],"wp:term":[{"taxonomy":"category","embeddable":true,"href":"http:\/\/mspontocom.com.br\/site\/wp-json\/wp\/v2\/categories?post=201570"},{"taxonomy":"post_tag","embeddable":true,"href":"http:\/\/mspontocom.com.br\/site\/wp-json\/wp\/v2\/tags?post=201570"}],"curies":[{"name":"wp","href":"https:\/\/api.w.org\/{rel}","templated":true}]}}