{"id":201573,"date":"2025-07-23T05:27:41","date_gmt":"2025-07-23T09:27:41","guid":{"rendered":"https:\/\/mspontocom.com.br\/site\/?p=201573"},"modified":"2025-07-23T05:27:41","modified_gmt":"2025-07-23T09:27:41","slug":"eduardo-bolsonaro-diz-que-brasil-ja-e-pior-que-a-venezuela","status":"publish","type":"post","link":"http:\/\/mspontocom.com.br\/site\/eduardo-bolsonaro-diz-que-brasil-ja-e-pior-que-a-venezuela\/","title":{"rendered":"Eduardo Bolsonaro diz que \u201cBrasil j\u00e1 \u00e9 pior que a Venezuela\u201d"},"content":{"rendered":"<p style=\"text-align: justify;\"><img loading=\"lazy\" class=\"alignnone size-full wp-image-201583\" src=\"http:\/\/mspontocom.com.br\/site\/wp-content\/uploads\/2025\/07\/site-eduardo-bolsonaro-diz-que-brasil-ja-e-pior-que-a-venezuela-eduardo-bolsonaro-alexandre-de-moraes.webp\" alt=\"\" width=\"1212\" height=\"909\" srcset=\"http:\/\/mspontocom.com.br\/site\/wp-content\/uploads\/2025\/07\/site-eduardo-bolsonaro-diz-que-brasil-ja-e-pior-que-a-venezuela-eduardo-bolsonaro-alexandre-de-moraes.webp 1212w, http:\/\/mspontocom.com.br\/site\/wp-content\/uploads\/2025\/07\/site-eduardo-bolsonaro-diz-que-brasil-ja-e-pior-que-a-venezuela-eduardo-bolsonaro-alexandre-de-moraes-260x195.webp 260w, http:\/\/mspontocom.com.br\/site\/wp-content\/uploads\/2025\/07\/site-eduardo-bolsonaro-diz-que-brasil-ja-e-pior-que-a-venezuela-eduardo-bolsonaro-alexandre-de-moraes-1024x768.webp 1024w, http:\/\/mspontocom.com.br\/site\/wp-content\/uploads\/2025\/07\/site-eduardo-bolsonaro-diz-que-brasil-ja-e-pior-que-a-venezuela-eduardo-bolsonaro-alexandre-de-moraes-768x576.webp 768w\" sizes=\"(max-width: 1212px) 100vw, 1212px\" \/>O deputado federal licenciado<strong>\u00a0Eduardo Bolsonaro (PL-SP)<\/strong>\u00a0usou sua conta no\u00a0X (antigo Twitter) para\u00a0<strong>criticar duramente as medidas impostas pelo STF<\/strong>\u00a0contra seu pai, o\u00a0ex-presidente Jair Bolsonaro.<\/p>\n<p style=\"text-align: justify;\">Em sua publica\u00e7\u00e3o, Eduardo afirmou:<\/p>\n<blockquote class=\"wp-block-quote is-layout-flow wp-block-quote-is-layout-flow\"><p><span style=\"font-size: 14pt;\">\u201c<em>O Brasil j\u00e1 \u00e9, em muitos aspectos, pior do que a Venezuela.<\/em><\/span><\/p><\/blockquote>\n<h2 id=\"h-comparacao-com-maria-corina-machado\" class=\"wp-block-heading\" style=\"text-align: justify;\">Compara\u00e7\u00e3o com Mar\u00eda Corina Machado<\/h2>\n<p style=\"text-align: justify;\">Eduardo comparou a situa\u00e7\u00e3o de Bolsonaro \u00e0 da opositora venezuelana Maria Corina <strong>Machado<\/strong>, que, mesmo barrada de disputar elei\u00e7\u00f5es, segue ativa nas redes sociais:<\/p>\n<blockquote class=\"wp-block-quote is-layout-flow wp-block-quote-is-layout-flow\">\n<p style=\"text-align: justify;\"><span style=\"font-size: 14pt;\"><em>\u201cReparem que Mar\u00eda Corina n\u00e3o foi proibida de usar redes sociais e segue criticando a persegui\u00e7\u00e3o \u00e0 oposi\u00e7\u00e3o ativamente. No Brasil, Jair Bolsonaro e muitos outros j\u00e1 n\u00e3o podem mais fazer nem isso\u201d, escreveu.<\/em><\/span><\/p>\n<\/blockquote>\n<div class=\"google-auto-placed ap_container\"><\/div>\n","protected":false},"excerpt":{"rendered":"<p>O deputado federal licenciado\u00a0Eduardo Bolsonaro (PL-SP)\u00a0usou sua conta no\u00a0X (antigo Twitter) para\u00a0criticar duramente as medidas impostas pelo STF\u00a0contra seu pai, o\u00a0ex-presidente Jair Bolsonaro. Em sua publica\u00e7\u00e3o, Eduardo afirmou: \u201cO Brasil j\u00e1 \u00e9, em muitos aspectos, pior do que a Venezuela. Compara\u00e7\u00e3o com Mar\u00eda Corina Machado Eduardo comparou a situa\u00e7\u00e3o de Bolsonaro \u00e0 da opositora venezuelana [&hellip;]<\/p>\n","protected":false},"author":2,"featured_media":201583,"comment_status":"open","ping_status":"open","sticky":false,"template":"","format":"standard","meta":{"_monsterinsights_skip_tracking":false,"_monsterinsights_sitenote_active":false,"_monsterinsights_sitenote_note":"","_monsterinsights_sitenote_category":0},"categories":[6,30260,2528,30259,12],"tags":[30254,32674,37071,1310],"aioseo_notices":[],"_links":{"self":[{"href":"http:\/\/mspontocom.com.br\/site\/wp-json\/wp\/v2\/posts\/201573"}],"collection":[{"href":"http:\/\/mspontocom.com.br\/site\/wp-json\/wp\/v2\/posts"}],"about":[{"href":"http:\/\/mspontocom.com.br\/site\/wp-json\/wp\/v2\/types\/post"}],"author":[{"embeddable":true,"href":"http:\/\/mspontocom.com.br\/site\/wp-json\/wp\/v2\/users\/2"}],"replies":[{"embeddable":true,"href":"http:\/\/mspontocom.com.br\/site\/wp-json\/wp\/v2\/comments?post=201573"}],"version-history":[{"count":2,"href":"http:\/\/mspontocom.com.br\/site\/wp-json\/wp\/v2\/posts\/201573\/revisions"}],"predecessor-version":[{"id":201584,"href":"http:\/\/mspontocom.com.br\/site\/wp-json\/wp\/v2\/posts\/201573\/revisions\/201584"}],"wp:featuredmedia":[{"embeddable":true,"href":"http:\/\/mspontocom.com.br\/site\/wp-json\/wp\/v2\/media\/201583"}],"wp:attachment":[{"href":"http:\/\/mspontocom.com.br\/site\/wp-json\/wp\/v2\/media?parent=201573"}],"wp:term":[{"taxonomy":"category","embeddable":true,"href":"http:\/\/mspontocom.com.br\/site\/wp-json\/wp\/v2\/categories?post=201573"},{"taxonomy":"post_tag","embeddable":true,"href":"http:\/\/mspontocom.com.br\/site\/wp-json\/wp\/v2\/tags?post=201573"}],"curies":[{"name":"wp","href":"https:\/\/api.w.org\/{rel}","templated":true}]}}