{"id":201575,"date":"2025-07-23T05:21:05","date_gmt":"2025-07-23T09:21:05","guid":{"rendered":"https:\/\/mspontocom.com.br\/site\/?p=201575"},"modified":"2025-07-23T05:21:05","modified_gmt":"2025-07-23T09:21:05","slug":"moraes-precisa-ser-levado-ao-diva-diz-ex-ministro-do-stf","status":"publish","type":"post","link":"http:\/\/mspontocom.com.br\/site\/moraes-precisa-ser-levado-ao-diva-diz-ex-ministro-do-stf\/","title":{"rendered":"\u2018Moraes precisa ser levado ao div\u00e3\u2019, diz ex-ministro do STF"},"content":{"rendered":"<p style=\"text-align: justify;\"><img loading=\"lazy\" class=\"alignnone size-full wp-image-201581\" src=\"http:\/\/mspontocom.com.br\/site\/wp-content\/uploads\/2025\/07\/site-moraes-precisa-ser-levado-ao-diva-diz-ex-ministro-do-stf-marco-aurelio-e-alexandre-de-moraes-1024x576-1.webp\" alt=\"\" width=\"1024\" height=\"576\" srcset=\"http:\/\/mspontocom.com.br\/site\/wp-content\/uploads\/2025\/07\/site-moraes-precisa-ser-levado-ao-diva-diz-ex-ministro-do-stf-marco-aurelio-e-alexandre-de-moraes-1024x576-1.webp 1024w, http:\/\/mspontocom.com.br\/site\/wp-content\/uploads\/2025\/07\/site-moraes-precisa-ser-levado-ao-diva-diz-ex-ministro-do-stf-marco-aurelio-e-alexandre-de-moraes-1024x576-1-260x146.webp 260w, http:\/\/mspontocom.com.br\/site\/wp-content\/uploads\/2025\/07\/site-moraes-precisa-ser-levado-ao-diva-diz-ex-ministro-do-stf-marco-aurelio-e-alexandre-de-moraes-1024x576-1-768x432.webp 768w\" sizes=\"(max-width: 1024px) 100vw, 1024px\" \/>Em entrevista ao<strong>\u00a0<em>Estad\u00e3o<\/em><\/strong>, o ex-presidente do STF\u00a0Marco Aur\u00e9lio Mello, fez cr\u00edticas \u00e0 atua\u00e7\u00e3o individual de ministros da Corte, em especial ao ministro Alexandre de Moraes.<\/p>\n<p style=\"text-align: justify;\">O jurista afirmou que um cen\u00e1rio de \u201cextravag\u00e2ncia\u201d e expressivo desgaste institucional.<\/p>\n<p style=\"text-align: justify;\">Ele destacou que decis\u00f5es recentes de\u00a0<strong>Moraes<\/strong>\u00a0n\u00e3o condizem com o Estado Democr\u00e1tico de Direito e advertiu que a hist\u00f3ria cobrar\u00e1 esse comportamento.<\/p>\n<blockquote class=\"wp-block-quote is-layout-flow wp-block-quote-is-layout-flow\"><p><em>\u201cEU TERIA QUE COLOC\u00c1-LO EM UM DIV\u00c3 E FAZER UMA AN\u00c1LISE DO QUE ELE PENSA, O QUE EST\u00c1 POR TR\u00c1S DE TUDO ISSO\u201d, A HIST\u00d3RIA COBRAR\u00c1 ESSES ATOS PRATICADOS. ELE (MORAES) PROIBIU, POR EXEMPLO, DI\u00c1LOGOS. MORDA\u00c7A, CENSURA PR\u00c9VIA, EM PLENO S\u00c9CULO QUE ESTAMOS VIVENDO. \u00c9 INCOMPREENS\u00cdVEL.\u201d<\/em><\/p><\/blockquote>\n<p style=\"text-align: justify;\">Segundo\u00a0<strong>Marco Aur\u00e9lio Mello<\/strong>, a imposi\u00e7\u00e3o da tornozeleira eletr\u00f4nica ao ex-presidente Jair Bolsonaro \u00e9 um exemplo de excesso e humilha\u00e7\u00e3o, comparando o tratamento dado a ele ao de \u201cum bandido de periculosidade maior\u201d.<\/p>\n<p style=\"text-align: justify;\">O ex-ministro afirmou que, se ainda estivesse no STF, seguiria o posicionamento divergente do ministro Luiz Fux e lamentou que outros magistrados apoiem Moraes por \u201cesp\u00edrito de corpo\u201d.<\/p>\n<h2 id=\"h-stf-deve-deixar-de-seguir-voz-de-moraes-e-atuar-como-orgao-coletivo-diz-marco-aurelio-mello\" class=\"wp-block-heading\" style=\"text-align: justify;\">\u201cSTF deve deixar de seguir voz de Moraes e atuar como \u00f3rg\u00e3o coletivo\u201d, diz Marco Aur\u00e9lio Mello<\/h2>\n<p style=\"text-align: justify;\">Na entrevista, Marco Aur\u00e9lio Mello sugeriu ajustes no Supremo, defendendo que a Corte atue de forma colegiada e n\u00e3o apenas por meio de decis\u00f5es individuais.<\/p>\n<blockquote class=\"wp-block-quote is-layout-flow wp-block-quote-is-layout-flow\"><p><em>\u201cQUE HAJA UMA EVOLU\u00c7\u00c3O, E QUE O SUPREMO ATUE, N\u00c3O COMO \u00d3RG\u00c3O INDIVIDUAL COMO VEM ATUANDO NA VOZ DO MINISTRO ALEXANDRE DE MORAES, MAS COMO \u00d3RG\u00c3O COLETIVO, E PERCEBENDO A REPERCUSS\u00c3O DOS ATOS QUE PRATICA\u201d, AFIRMOU.\u00a0<\/em><\/p><\/blockquote>\n<p style=\"text-align: justify;\"><span style=\"font-size: 14pt;\"><strong>STF N\u00c3O \u00c9 COMPETENTE PARA JULGAR BOLSONARO<\/strong><\/span><\/p>\n<p style=\"text-align: justify;\">O ex-presidente do STF questionou a compet\u00eancia do tribunal para julgar\u00a0<strong>Bolsonaro<\/strong>, lembrando que a Constitui\u00e7\u00e3o estipula limites claros.<\/p>\n<p style=\"text-align: justify;\">Ele exemplificou com o caso de Luiz In\u00e1cio Lula da Silva (PT), que respondeu a processos criminais na primeira inst\u00e2ncia.<\/p>\n<p style=\"text-align: justify;\">Para Marco Aur\u00e9lio, o incidente \u00e9 inexplic\u00e1vel.<\/p>\n<p style=\"text-align: justify;\">\n","protected":false},"excerpt":{"rendered":"<p>Em entrevista ao\u00a0Estad\u00e3o, o ex-presidente do STF\u00a0Marco Aur\u00e9lio Mello, fez cr\u00edticas \u00e0 atua\u00e7\u00e3o individual de ministros da Corte, em especial ao ministro Alexandre de Moraes. O jurista afirmou que um cen\u00e1rio de \u201cextravag\u00e2ncia\u201d e expressivo desgaste institucional. Ele destacou que decis\u00f5es recentes de\u00a0Moraes\u00a0n\u00e3o condizem com o Estado Democr\u00e1tico de Direito e advertiu que a hist\u00f3ria [&hellip;]<\/p>\n","protected":false},"author":2,"featured_media":201581,"comment_status":"open","ping_status":"open","sticky":false,"template":"","format":"standard","meta":{"_monsterinsights_skip_tracking":false,"_monsterinsights_sitenote_active":false,"_monsterinsights_sitenote_note":"","_monsterinsights_sitenote_category":0},"categories":[6,30260,2528,30259,12],"tags":[43302,23663,7910,35247,24549,3014],"aioseo_notices":[],"_links":{"self":[{"href":"http:\/\/mspontocom.com.br\/site\/wp-json\/wp\/v2\/posts\/201575"}],"collection":[{"href":"http:\/\/mspontocom.com.br\/site\/wp-json\/wp\/v2\/posts"}],"about":[{"href":"http:\/\/mspontocom.com.br\/site\/wp-json\/wp\/v2\/types\/post"}],"author":[{"embeddable":true,"href":"http:\/\/mspontocom.com.br\/site\/wp-json\/wp\/v2\/users\/2"}],"replies":[{"embeddable":true,"href":"http:\/\/mspontocom.com.br\/site\/wp-json\/wp\/v2\/comments?post=201575"}],"version-history":[{"count":2,"href":"http:\/\/mspontocom.com.br\/site\/wp-json\/wp\/v2\/posts\/201575\/revisions"}],"predecessor-version":[{"id":201582,"href":"http:\/\/mspontocom.com.br\/site\/wp-json\/wp\/v2\/posts\/201575\/revisions\/201582"}],"wp:featuredmedia":[{"embeddable":true,"href":"http:\/\/mspontocom.com.br\/site\/wp-json\/wp\/v2\/media\/201581"}],"wp:attachment":[{"href":"http:\/\/mspontocom.com.br\/site\/wp-json\/wp\/v2\/media?parent=201575"}],"wp:term":[{"taxonomy":"category","embeddable":true,"href":"http:\/\/mspontocom.com.br\/site\/wp-json\/wp\/v2\/categories?post=201575"},{"taxonomy":"post_tag","embeddable":true,"href":"http:\/\/mspontocom.com.br\/site\/wp-json\/wp\/v2\/tags?post=201575"}],"curies":[{"name":"wp","href":"https:\/\/api.w.org\/{rel}","templated":true}]}}