{"id":201577,"date":"2025-07-23T05:12:44","date_gmt":"2025-07-23T09:12:44","guid":{"rendered":"https:\/\/mspontocom.com.br\/site\/?p=201577"},"modified":"2025-07-23T05:12:44","modified_gmt":"2025-07-23T09:12:44","slug":"stf-embarca-em-narrativa-antiamericana-e-dobra-aposta-de-lula","status":"publish","type":"post","link":"http:\/\/mspontocom.com.br\/site\/stf-embarca-em-narrativa-antiamericana-e-dobra-aposta-de-lula\/","title":{"rendered":"STF embarca em narrativa antiamericana e dobra aposta de Lula"},"content":{"rendered":"<p class=\"postParagraph_post-paragraph__juWZN\" style=\"text-align: justify;\"><img loading=\"lazy\" class=\"alignnone size-full wp-image-201579\" src=\"http:\/\/mspontocom.com.br\/site\/wp-content\/uploads\/2025\/07\/site-stf-embarca-em-narrativa-antiamericana-e-dobra-aposta-de-lula-lula-stf.webp\" alt=\"\" width=\"1212\" height=\"909\" srcset=\"http:\/\/mspontocom.com.br\/site\/wp-content\/uploads\/2025\/07\/site-stf-embarca-em-narrativa-antiamericana-e-dobra-aposta-de-lula-lula-stf.webp 1212w, http:\/\/mspontocom.com.br\/site\/wp-content\/uploads\/2025\/07\/site-stf-embarca-em-narrativa-antiamericana-e-dobra-aposta-de-lula-lula-stf-260x195.webp 260w, http:\/\/mspontocom.com.br\/site\/wp-content\/uploads\/2025\/07\/site-stf-embarca-em-narrativa-antiamericana-e-dobra-aposta-de-lula-lula-stf-1024x768.webp 1024w, http:\/\/mspontocom.com.br\/site\/wp-content\/uploads\/2025\/07\/site-stf-embarca-em-narrativa-antiamericana-e-dobra-aposta-de-lula-lula-stf-768x576.webp 768w\" sizes=\"(max-width: 1212px) 100vw, 1212px\" \/>Na recente opera\u00e7\u00e3o contra o ex-presidente <strong>Jair Bolsonaro<\/strong> (PL), os ministros do STF <strong>Alexandre de Moraes e Fl\u00e1vio Dino <\/strong>deixaram transparecer, em seus votos no processo, cr\u00edticas duras ao presidente dos Estados Unidos, <strong>Donald Trump,<\/strong> relacionadas ao an\u00fancio da eleva\u00e7\u00e3o de tarifas ao Brasil.<\/p>\n<p class=\"postParagraph_post-paragraph__juWZN\" style=\"text-align: justify;\">O posicionamento dobra a aposta da pol\u00edtica externa do presidente Lula que afirmou nesta semana que a guerra tarif\u00e1ria vai come\u00e7ar quando ele der a resposta a Trump.<\/p>\n<p class=\"postParagraph_post-paragraph__juWZN\" style=\"text-align: justify;\">\u00a0Moraes tamb\u00e9m manifestou rep\u00fadio \u00e0s san\u00e7\u00f5es americanas.<\/p>\n<p class=\"postParagraph_post-paragraph__juWZN\" style=\"text-align: justify;\">O ministro escreveu que o ex-presidente e seu filho Eduardo travam \u201cnegocia\u00e7\u00f5es esp\u00farias e criminosas\u201d com os Estados Unidos, que as declara\u00e7\u00f5es de Trump s\u00e3o \u201catentat\u00f3rias \u00e0 soberania nacional\u201d e representam uma \u201cgrav\u00edssima agress\u00e3o estrangeira ao Brasil\u201d.<\/p>\n<p class=\"postParagraph_post-paragraph__juWZN\" style=\"text-align: justify;\">A abordagem \u00e9 similar \u00e0 de Lula, que associou Trump a um advers\u00e1rio externo ao afirmar que ele atua como um imperador do mundo.<\/p>\n<p class=\"postParagraph_post-paragraph__juWZN\" style=\"text-align: justify;\"><strong>Os votos dos ministros apontam que o Supremo embarcou na narrativa de salvador da p\u00e1tria. <\/strong><\/p>\n<blockquote>\n<p class=\"postParagraph_post-paragraph__juWZN\"><em>\u201cA hist\u00f3ria desse Supremo Tribunal Federal demonstra que jamais faltou coragem aos seus membros para repudiar as agress\u00f5es contra os inimigos da Soberania nacional, Democracia e Estado de Direito, sejam inimigos nacionais, sejam inimigos estrangeiros\u201d, afirmou ainda Moraes na decis\u00e3o.<\/em><\/p>\n<p class=\"postParagraph_post-paragraph__juWZN\">Ao referendar a decis\u00e3o, Fl\u00e1vio Dino classificou o an\u00fancio do tarifa\u00e7o, por Trump, de <em>\u201cintoler\u00e1vel estrat\u00e9gia de retalia\u00e7\u00e3o pol\u00edtica, que afronta a soberania nacional ao constranger as institui\u00e7\u00f5es p\u00fablicas brasileiras\u201d.<\/em><\/p>\n<\/blockquote>\n<p class=\"postParagraph_post-paragraph__juWZN\" style=\"text-align: justify;\">J\u00e1 oministro Luiz Fux divergiu e argumentou que as san\u00e7\u00f5es n\u00e3o t\u00eam poder de influ\u00eancia sobre a Justi\u00e7a brasileira e que \u201cquest\u00f5es econ\u00f4micas devem ser resolvidas nos \u00e2mbitos pol\u00edticos e diplom\u00e1ticos pr\u00f3prios\u201d, pelo governo e pelo Congresso.<\/p>\n<p class=\"postParagraph_post-paragraph-innerHtml__Q5vwc\" style=\"text-align: justify;\">fonte: Gazeta do Povo<\/p>\n","protected":false},"excerpt":{"rendered":"<p>Na recente opera\u00e7\u00e3o contra o ex-presidente Jair Bolsonaro (PL), os ministros do STF Alexandre de Moraes e Fl\u00e1vio Dino deixaram transparecer, em seus votos no processo, cr\u00edticas duras ao presidente dos Estados Unidos, Donald Trump, relacionadas ao an\u00fancio da eleva\u00e7\u00e3o de tarifas ao Brasil. O posicionamento dobra a aposta da pol\u00edtica externa do presidente Lula [&hellip;]<\/p>\n","protected":false},"author":2,"featured_media":201579,"comment_status":"open","ping_status":"open","sticky":false,"template":"","format":"standard","meta":{"_monsterinsights_skip_tracking":false,"_monsterinsights_sitenote_active":false,"_monsterinsights_sitenote_note":"","_monsterinsights_sitenote_category":0},"categories":[6,30260,30259,12],"tags":[43300,43301,43299,480,40613,3014],"aioseo_notices":[],"_links":{"self":[{"href":"http:\/\/mspontocom.com.br\/site\/wp-json\/wp\/v2\/posts\/201577"}],"collection":[{"href":"http:\/\/mspontocom.com.br\/site\/wp-json\/wp\/v2\/posts"}],"about":[{"href":"http:\/\/mspontocom.com.br\/site\/wp-json\/wp\/v2\/types\/post"}],"author":[{"embeddable":true,"href":"http:\/\/mspontocom.com.br\/site\/wp-json\/wp\/v2\/users\/2"}],"replies":[{"embeddable":true,"href":"http:\/\/mspontocom.com.br\/site\/wp-json\/wp\/v2\/comments?post=201577"}],"version-history":[{"count":2,"href":"http:\/\/mspontocom.com.br\/site\/wp-json\/wp\/v2\/posts\/201577\/revisions"}],"predecessor-version":[{"id":201580,"href":"http:\/\/mspontocom.com.br\/site\/wp-json\/wp\/v2\/posts\/201577\/revisions\/201580"}],"wp:featuredmedia":[{"embeddable":true,"href":"http:\/\/mspontocom.com.br\/site\/wp-json\/wp\/v2\/media\/201579"}],"wp:attachment":[{"href":"http:\/\/mspontocom.com.br\/site\/wp-json\/wp\/v2\/media?parent=201577"}],"wp:term":[{"taxonomy":"category","embeddable":true,"href":"http:\/\/mspontocom.com.br\/site\/wp-json\/wp\/v2\/categories?post=201577"},{"taxonomy":"post_tag","embeddable":true,"href":"http:\/\/mspontocom.com.br\/site\/wp-json\/wp\/v2\/tags?post=201577"}],"curies":[{"name":"wp","href":"https:\/\/api.w.org\/{rel}","templated":true}]}}