{"id":201681,"date":"2025-07-26T05:57:00","date_gmt":"2025-07-26T09:57:00","guid":{"rendered":"https:\/\/mspontocom.com.br\/site\/?p=201681"},"modified":"2025-07-26T05:57:00","modified_gmt":"2025-07-26T09:57:00","slug":"moraes-e-denunciado-a-oea-por-violacoes-de-direitos-humanos","status":"publish","type":"post","link":"http:\/\/mspontocom.com.br\/site\/moraes-e-denunciado-a-oea-por-violacoes-de-direitos-humanos\/","title":{"rendered":"Moraes \u00e9 denunciado \u00e0 OEA por viola\u00e7\u00f5es de direitos humanos"},"content":{"rendered":"<p style=\"text-align: justify;\"><img loading=\"lazy\" class=\"alignnone size-full wp-image-201682\" src=\"http:\/\/mspontocom.com.br\/site\/wp-content\/uploads\/2025\/07\/site-moraes-e-denunciado-a-oea-por-violacoes-de-direitos-humanos-ale1.jpeg\" alt=\"\" width=\"1300\" height=\"780\" srcset=\"http:\/\/mspontocom.com.br\/site\/wp-content\/uploads\/2025\/07\/site-moraes-e-denunciado-a-oea-por-violacoes-de-direitos-humanos-ale1.jpeg 1300w, http:\/\/mspontocom.com.br\/site\/wp-content\/uploads\/2025\/07\/site-moraes-e-denunciado-a-oea-por-violacoes-de-direitos-humanos-ale1-260x156.jpeg 260w, http:\/\/mspontocom.com.br\/site\/wp-content\/uploads\/2025\/07\/site-moraes-e-denunciado-a-oea-por-violacoes-de-direitos-humanos-ale1-1024x614.jpeg 1024w, http:\/\/mspontocom.com.br\/site\/wp-content\/uploads\/2025\/07\/site-moraes-e-denunciado-a-oea-por-violacoes-de-direitos-humanos-ale1-768x461.jpeg 768w\" sizes=\"(max-width: 1300px) 100vw, 1300px\" \/>A Comiss\u00e3o Interamericana de Direitos Humanos (CIDH), \u00f3rg\u00e3o ligado \u00e0 Organiza\u00e7\u00e3o dos Estados Americanos <strong>(OEA),<\/strong> recebeu uma peti\u00e7\u00e3o que acusa o ministro Alexandre de Moraes, do STF, de envolvimento em \u201cviola\u00e7\u00f5es sistem\u00e1ticas de direitos humanos\u201d no Brasil.<\/p>\n<p style=\"text-align: justify;\">A informa\u00e7\u00e3o foi publicada pelo portal Metr\u00f3poles nesta sexta-feira, 25.<\/p>\n<p style=\"text-align: justify;\">Segundo o texto, as den\u00fancias se concentram nos desdobramentos posteriores aos atos de vandalismo ocorridos em 8 de janeiro de 2023, nas sedes dos Tr\u00eas Poderes.<\/p>\n<p style=\"text-align: justify;\">A peti\u00e7\u00e3o responsabiliza Moraes por \u201cpris\u00f5es preventivas em massa, sem fundamenta\u00e7\u00e3o individualizada ou tempo razo\u00e1vel de deten\u00e7\u00e3o\u201d, al\u00e9m de decis\u00f5es judiciais tomadas \u201csem contradit\u00f3rio nem ampla defesa\u201d.<\/p>\n<p style=\"text-align: justify;\">Um dos epis\u00f3dios destacados \u00e9 a deten\u00e7\u00e3o de mais de 1,4 mil pessoas em 9 de janeiro daquele ano, que foram encaminhadas a um gin\u00e1sio da Pol\u00edcia Federal.<\/p>\n<p style=\"text-align: justify;\">A peti\u00e7\u00e3o tamb\u00e9m menciona outras institui\u00e7\u00f5es p\u00fablicas, como a Procuradoria-Geral da Rep\u00fablica (PGR), o Tribunal Superior Eleitoral (TSE), o Congresso Nacional e o presidente Luiz In\u00e1cio Lula da Silva.<\/p>\n<p style=\"text-align: justify;\">Conforme relatado, a PGR teria sido \u201comissa em agir contra abusos do Judici\u00e1rio\u201d, enquanto o Executivo seria \u201cconivente e silencioso diante da escalada autorit\u00e1ria promovida pelo Judici\u00e1rio\u201d, o que contribuiu para \u201cuma narrativa oficial de que todos os manifestantes do 8 de Janeiro s\u00e3o \u2018terroristas\u2019\u201d.<\/p>\n<p style=\"text-align: justify;\">O TSE \u00e9 denunciado como \u201cagente ativo de censura pr\u00e9via e persegui\u00e7\u00e3o a influenciadores, jornalistas e religiosos, sob o pretexto de combate \u00e0s\u00a0<em>fake news<\/em>\u201d.<\/p>\n<p style=\"text-align: justify;\">O Congresso Nacional, por sua vez, \u00e9 acusado de ser \u201cnegligente na defesa do equil\u00edbrio entre os Poderes da Constitui\u00e7\u00e3o\u201d.<\/p>\n<h2 id=\"h-moraes-e-acusado-de-perseguir-parlamentares-opositores\" class=\"wp-block-heading\" style=\"text-align: justify;\">Moraes \u00e9 acusado de perseguir parlamentares opositores<\/h2>\n<p style=\"text-align: justify;\">No trecho que trata de parlamentares da oposi\u00e7\u00e3o, o texto sustenta que nomes como Nikolas Ferreira, Gustavo Gayer, Bia Kicis, Damares Alves e Marco Feliciano seriam alvo de \u201cconstrangimentos institucionais, persegui\u00e7\u00f5es judiciais, censura de seus conte\u00fados e amea\u00e7as veladas\u201d.<\/p>\n<p style=\"text-align: justify;\">O documento tamb\u00e9m lista decis\u00f5es judiciais que teriam determinado \u201cbloqueio e\u00a0<strong>censura de perfis em redes sociais<\/strong>\u00a0de jornalistas, parlamentares e cidad\u00e3os comuns\u201d, frequentemente \u201ccom decis\u00f5es em segredo de justi\u00e7a e sem contradit\u00f3rio\u201d.<\/p>\n<p style=\"text-align: justify;\">O documento encaminhado \u00e0 CIDH argumenta que h\u00e1 um \u201ccen\u00e1rio de grave crise institucional\u201d no Brasil e caracteriza o sistema jur\u00eddico nacional como \u201cdisfuncional, parcial e ineficaz diante de abusos de autoridade\u201d.<\/p>\n<div id=\"hd80s9wa1h892edh8192\" style=\"text-align: justify;\">\n<p>Ao final, o peticion\u00e1rio solicita que a CIDH adote \u201cmedidas cautelares urgentes\u201d e leve o caso \u00e0 aprecia\u00e7\u00e3o da Corte Interamericana de Direitos Humanos.<\/p>\n<p>O autor tamb\u00e9m pediu confidencialidade \u00e0 Comiss\u00e3o por \u201cfundado receio de repres\u00e1lias por parte de autoridades estatais\u201d e chance de \u201camea\u00e7as, retalia\u00e7\u00f5es e persegui\u00e7\u00f5es contra opositores pol\u00edticos\u201d.<\/p>\n<\/div>\n<p style=\"text-align: justify;\"><a href=\"https:\/\/revistaoeste.com\/politica\/moraes-e-alvo-de-denuncia-na-oea-por-violacoes-de-direitos-humanos\/\">Via Revista Oeste<\/a><\/p>\n","protected":false},"excerpt":{"rendered":"<p>A Comiss\u00e3o Interamericana de Direitos Humanos (CIDH), \u00f3rg\u00e3o ligado \u00e0 Organiza\u00e7\u00e3o dos Estados Americanos (OEA), recebeu uma peti\u00e7\u00e3o que acusa o ministro Alexandre de Moraes, do STF, de envolvimento em \u201cviola\u00e7\u00f5es sistem\u00e1ticas de direitos humanos\u201d no Brasil. A informa\u00e7\u00e3o foi publicada pelo portal Metr\u00f3poles nesta sexta-feira, 25. Segundo o texto, as den\u00fancias se concentram nos [&hellip;]<\/p>\n","protected":false},"author":2,"featured_media":201682,"comment_status":"open","ping_status":"open","sticky":false,"template":"","format":"standard","meta":{"_monsterinsights_skip_tracking":false,"_monsterinsights_sitenote_active":false,"_monsterinsights_sitenote_note":"","_monsterinsights_sitenote_category":0},"categories":[2528,12],"tags":[43323,1304,35247,5417,4180],"aioseo_notices":[],"_links":{"self":[{"href":"http:\/\/mspontocom.com.br\/site\/wp-json\/wp\/v2\/posts\/201681"}],"collection":[{"href":"http:\/\/mspontocom.com.br\/site\/wp-json\/wp\/v2\/posts"}],"about":[{"href":"http:\/\/mspontocom.com.br\/site\/wp-json\/wp\/v2\/types\/post"}],"author":[{"embeddable":true,"href":"http:\/\/mspontocom.com.br\/site\/wp-json\/wp\/v2\/users\/2"}],"replies":[{"embeddable":true,"href":"http:\/\/mspontocom.com.br\/site\/wp-json\/wp\/v2\/comments?post=201681"}],"version-history":[{"count":1,"href":"http:\/\/mspontocom.com.br\/site\/wp-json\/wp\/v2\/posts\/201681\/revisions"}],"predecessor-version":[{"id":201683,"href":"http:\/\/mspontocom.com.br\/site\/wp-json\/wp\/v2\/posts\/201681\/revisions\/201683"}],"wp:featuredmedia":[{"embeddable":true,"href":"http:\/\/mspontocom.com.br\/site\/wp-json\/wp\/v2\/media\/201682"}],"wp:attachment":[{"href":"http:\/\/mspontocom.com.br\/site\/wp-json\/wp\/v2\/media?parent=201681"}],"wp:term":[{"taxonomy":"category","embeddable":true,"href":"http:\/\/mspontocom.com.br\/site\/wp-json\/wp\/v2\/categories?post=201681"},{"taxonomy":"post_tag","embeddable":true,"href":"http:\/\/mspontocom.com.br\/site\/wp-json\/wp\/v2\/tags?post=201681"}],"curies":[{"name":"wp","href":"https:\/\/api.w.org\/{rel}","templated":true}]}}