{"id":201703,"date":"2025-07-28T06:11:04","date_gmt":"2025-07-28T10:11:04","guid":{"rendered":"https:\/\/mspontocom.com.br\/site\/?p=201703"},"modified":"2025-07-28T06:11:04","modified_gmt":"2025-07-28T10:11:04","slug":"guzzo-foi-moraes-que-provocou-confronto-com-trump","status":"publish","type":"post","link":"http:\/\/mspontocom.com.br\/site\/guzzo-foi-moraes-que-provocou-confronto-com-trump\/","title":{"rendered":"Guzzo: Foi Moraes que provocou confronto com Trump"},"content":{"rendered":"<p style=\"text-align: justify;\"><strong><img loading=\"lazy\" class=\"alignnone size-full wp-image-201716\" src=\"http:\/\/mspontocom.com.br\/site\/wp-content\/uploads\/2025\/07\/site-guzzo-foi-moraes-que-provocou-confronto-com-trump-aletrump1.webp\" alt=\"\" width=\"1200\" height=\"630\" srcset=\"http:\/\/mspontocom.com.br\/site\/wp-content\/uploads\/2025\/07\/site-guzzo-foi-moraes-que-provocou-confronto-com-trump-aletrump1.webp 1200w, http:\/\/mspontocom.com.br\/site\/wp-content\/uploads\/2025\/07\/site-guzzo-foi-moraes-que-provocou-confronto-com-trump-aletrump1-260x137.webp 260w, http:\/\/mspontocom.com.br\/site\/wp-content\/uploads\/2025\/07\/site-guzzo-foi-moraes-que-provocou-confronto-com-trump-aletrump1-1024x538.webp 1024w, http:\/\/mspontocom.com.br\/site\/wp-content\/uploads\/2025\/07\/site-guzzo-foi-moraes-que-provocou-confronto-com-trump-aletrump1-768x403.webp 768w\" sizes=\"(max-width: 1200px) 100vw, 1200px\" \/>(<em>J. R. Guzzo<\/em>, publicado no jornal O Estado de S. Paulo em 27 de julho de 2025)<\/strong><\/p>\n<p style=\"text-align: justify;\">O \u00faltimo decreto apost\u00f3lico do STF, do governo Lula e do Alto Comissariado da esquerda brasileira determina que o ex-presidente Jair Bolsonaro seja declarados, j\u00e1, traidor da p\u00e1tria.<\/p>\n<p style=\"text-align: justify;\">S\u00e3o inimigos da soberania nacional, colaboracionistas e agentes de pot\u00eancia estrangeira.<\/p>\n<p style=\"text-align: justify;\">\u00c9 uma sorte, para todos eles, que o Brasil n\u00e3o esteja atualmente em tempo de guerra.<\/p>\n<p style=\"text-align: justify;\">Se estivesse, estariam sujeitos \u00e0 pena de morte \u2014 o crime de trai\u00e7\u00e3o, segundo artigo 5\u00ba da Constitui\u00e7\u00e3o Federal, \u00e9 o \u00fanico que pode ser punido com o fuzilamento do r\u00e9u.<\/p>\n<p style=\"text-align: justify;\">No caso, a trai\u00e7\u00e3o de Bolsonaro, seu filho e pol\u00edticos da oposi\u00e7\u00e3o \u00e9 ter incentivado a ado\u00e7\u00e3o de san\u00e7\u00f5es comerciais contra o Brasil por parte dos Estados Unidos, em repres\u00e1lia ao tratamento que t\u00eam recebido do STF.<\/p>\n<p style=\"text-align: justify;\">Formada essa doutrina, que prev\u00ea excomunh\u00e3o para quem n\u00e3o concordar que o \u201cbolsonarismo\u201d \u00e9 o respons\u00e1vel por tudo o que acontecer de ruim se as medidas de Trump realmente forem executadas.<\/p>\n<p style=\"text-align: justify;\">Fica uma pergunta no ar.<\/p>\n<p style=\"text-align: justify;\">Ser\u00e1 que o ex-presidente, seu filho e todos os que apontam as ilegalidades cometidas pela justi\u00e7a nos processos contra ele s\u00e3o, realmente, os \u00fanicos respons\u00e1veis pela intrag\u00e1vel desordem que se criou com essa rixa?<\/p>\n<p style=\"text-align: justify;\">O exame dos fatos dispon\u00edveis mostra que n\u00e3o.<\/p>\n<p style=\"text-align: justify;\">\u00c9 por causa da condena\u00e7\u00e3o j\u00e1 praticamente anunciada de Bolsonaro, sem qualquer d\u00favida, que Donald Trump entrou na hist\u00f3ria.<\/p>\n<p style=\"text-align: justify;\">Mas por que, em primeiro lugar, ele anunciou as san\u00e7\u00f5es?<\/p>\n<p style=\"text-align: justify;\">Porque, no caso, o processo da lei foi para o espa\u00e7o.<\/p>\n<p style=\"text-align: justify;\">\u00c9 certo tamb\u00e9m que Trump n\u00e3o foi o \u00fanico que percebeu as viola\u00e7\u00f5es em s\u00e9rie da legisla\u00e7\u00e3o brasileira nos processos conduzidos contra Bolsonaro no STF.<\/p>\n<p style=\"text-align: justify;\">Ainda h\u00e1 pouco, 15.000 advogados assinaram um manifesto denunciando as ilegalidades.<\/p>\n<p style=\"text-align: justify;\">Editoriais da imprensa internacional acusam o STF em geral e Alexandre de Moraes em particular.<\/p>\n<p style=\"text-align: justify;\">O ex-ministro\u00a0<strong>Marco Aur\u00e9lio sugere que Moraes precisa de um div\u00e3 psicol\u00f3gico<\/strong>.<\/p>\n<p style=\"text-align: justify;\">N\u00e3o \u00e9 nenhum deles, nem Bolsonaro, que conduz h\u00e1 seis anos um inqu\u00e9rito ilegal que pode punir quem o ministro quiser.<\/p>\n<p style=\"text-align: justify;\">N\u00e3o inventaram o flagrante perp\u00e9tuo, o julgamento por lotes e a pris\u00e3o tempor\u00e1ria pelo resto da vida.<\/p>\n<p style=\"text-align: justify;\">\u00c9 Moraes que est\u00e1 julgando Bolsonaro direto no STF \u2014 e n\u00e3o na primeira inst\u00e2ncia, como se fez com Lula.<\/p>\n<p style=\"text-align: justify;\">\u00c9 ele que proibiu o ex-presidente de ser entrevistado na imprensa; depois, jogou um facho de escurid\u00e3o no pr\u00f3prio despacho.<\/p>\n<p style=\"text-align: justify;\"><strong>\u00c9 ele que p\u00f4s tornozeleira no r\u00e9u e o proibiu de falar com o seu filho<\/strong>.<\/p>\n<p style=\"text-align: justify;\">Foi ele que tumultuou a ordem jur\u00eddica e provocou o confronto com Trump.<\/p>\n<p style=\"text-align: justify;\">Ter\u00e1 de ajudar com a conta.<\/p>\n","protected":false},"excerpt":{"rendered":"<p>(J. R. Guzzo, publicado no jornal O Estado de S. Paulo em 27 de julho de 2025) O \u00faltimo decreto apost\u00f3lico do STF, do governo Lula e do Alto Comissariado da esquerda brasileira determina que o ex-presidente Jair Bolsonaro seja declarados, j\u00e1, traidor da p\u00e1tria. S\u00e3o inimigos da soberania nacional, colaboracionistas e agentes de pot\u00eancia [&hellip;]<\/p>\n","protected":false},"author":2,"featured_media":201716,"comment_status":"open","ping_status":"open","sticky":false,"template":"","format":"standard","meta":{"_monsterinsights_skip_tracking":false,"_monsterinsights_sitenote_active":false,"_monsterinsights_sitenote_note":"","_monsterinsights_sitenote_category":0},"categories":[6,30260,15,2528,30259,12],"tags":[29748,35247,43325,28326],"aioseo_notices":[],"_links":{"self":[{"href":"http:\/\/mspontocom.com.br\/site\/wp-json\/wp\/v2\/posts\/201703"}],"collection":[{"href":"http:\/\/mspontocom.com.br\/site\/wp-json\/wp\/v2\/posts"}],"about":[{"href":"http:\/\/mspontocom.com.br\/site\/wp-json\/wp\/v2\/types\/post"}],"author":[{"embeddable":true,"href":"http:\/\/mspontocom.com.br\/site\/wp-json\/wp\/v2\/users\/2"}],"replies":[{"embeddable":true,"href":"http:\/\/mspontocom.com.br\/site\/wp-json\/wp\/v2\/comments?post=201703"}],"version-history":[{"count":2,"href":"http:\/\/mspontocom.com.br\/site\/wp-json\/wp\/v2\/posts\/201703\/revisions"}],"predecessor-version":[{"id":201717,"href":"http:\/\/mspontocom.com.br\/site\/wp-json\/wp\/v2\/posts\/201703\/revisions\/201717"}],"wp:featuredmedia":[{"embeddable":true,"href":"http:\/\/mspontocom.com.br\/site\/wp-json\/wp\/v2\/media\/201716"}],"wp:attachment":[{"href":"http:\/\/mspontocom.com.br\/site\/wp-json\/wp\/v2\/media?parent=201703"}],"wp:term":[{"taxonomy":"category","embeddable":true,"href":"http:\/\/mspontocom.com.br\/site\/wp-json\/wp\/v2\/categories?post=201703"},{"taxonomy":"post_tag","embeddable":true,"href":"http:\/\/mspontocom.com.br\/site\/wp-json\/wp\/v2\/tags?post=201703"}],"curies":[{"name":"wp","href":"https:\/\/api.w.org\/{rel}","templated":true}]}}