{"id":201785,"date":"2025-07-30T05:57:18","date_gmt":"2025-07-30T09:57:18","guid":{"rendered":"https:\/\/mspontocom.com.br\/site\/?p=201785"},"modified":"2025-07-30T05:57:18","modified_gmt":"2025-07-30T09:57:18","slug":"tarifaco-moro-chama-diplomata-celso-amorim-de-picareta","status":"publish","type":"post","link":"http:\/\/mspontocom.com.br\/site\/tarifaco-moro-chama-diplomata-celso-amorim-de-picareta\/","title":{"rendered":"TARIFA\u00c7O:  Moro chama diplomata Celso Amorim de picareta"},"content":{"rendered":"<p style=\"text-align: justify;\"><img loading=\"lazy\" class=\"alignnone size-full wp-image-201786\" src=\"http:\/\/mspontocom.com.br\/site\/wp-content\/uploads\/2025\/07\/site-crise-brasil-eua-moro-chama-diplomata-celso-amorim-de-picareta-moro-preside.jpg\" alt=\"\" width=\"768\" height=\"512\" srcset=\"http:\/\/mspontocom.com.br\/site\/wp-content\/uploads\/2025\/07\/site-crise-brasil-eua-moro-chama-diplomata-celso-amorim-de-picareta-moro-preside.jpg 768w, http:\/\/mspontocom.com.br\/site\/wp-content\/uploads\/2025\/07\/site-crise-brasil-eua-moro-chama-diplomata-celso-amorim-de-picareta-moro-preside-260x173.jpg 260w\" sizes=\"(max-width: 768px) 100vw, 768px\" \/>Celso Amorim \u2014 assessor especial da Presid\u00eancia da Rep\u00fablica para assuntos internacionais \u2014 fez duras cr\u00edticas \u00e0 postura do governo dos Estados Unidos em meio \u00e0 grave crise diplom\u00e1tica e comercial com o Brasil.<\/p>\n<p style=\"text-align: justify;\">Segundo Amorim, as tarifas de 50% impostas por Donald Trump contra produtos brasileiros a partir de 1\u00ba de agosto n\u00e3o se tratam apenas de medidas comerciais, mas de uma clara\u00a0tentativa de intimida\u00e7\u00e3o pol\u00edtica<\/p>\n<p style=\"text-align: justify;\">A crise entre Brasil e EUA, que j\u00e1 vinha se agravando nos \u00faltimos meses, atingiu um novo patamar com as declara\u00e7\u00f5es de Amorim.<\/p>\n<p style=\"text-align: justify;\">O senador Sergio Moro, em suas redes sociais, foi enf\u00e1tico:<\/p>\n<blockquote>\n<p style=\"text-align: justify;\"><em>Se tem algu\u00e9m respons\u00e1vel pela diplomacia presidencial desastrada do Brasil, al\u00e9m do Lula, \u00e9 esse<span style=\"font-size: 14pt;\"><strong> picareta<\/strong> <\/span>do Celso Amorim, f\u00e3 do Hamas e do Maduro e hostil aos Estados Unidos.<\/em><\/p>\n<\/blockquote>\n","protected":false},"excerpt":{"rendered":"<p>Celso Amorim \u2014 assessor especial da Presid\u00eancia da Rep\u00fablica para assuntos internacionais \u2014 fez duras cr\u00edticas \u00e0 postura do governo dos Estados Unidos em meio \u00e0 grave crise diplom\u00e1tica e comercial com o Brasil. Segundo Amorim, as tarifas de 50% impostas por Donald Trump contra produtos brasileiros a partir de 1\u00ba de agosto n\u00e3o se [&hellip;]<\/p>\n","protected":false},"author":2,"featured_media":201786,"comment_status":"open","ping_status":"open","sticky":false,"template":"","format":"standard","meta":{"_monsterinsights_skip_tracking":false,"_monsterinsights_sitenote_active":false,"_monsterinsights_sitenote_note":"","_monsterinsights_sitenote_category":0},"categories":[12],"tags":[34066,23158,38438],"aioseo_notices":[],"_links":{"self":[{"href":"http:\/\/mspontocom.com.br\/site\/wp-json\/wp\/v2\/posts\/201785"}],"collection":[{"href":"http:\/\/mspontocom.com.br\/site\/wp-json\/wp\/v2\/posts"}],"about":[{"href":"http:\/\/mspontocom.com.br\/site\/wp-json\/wp\/v2\/types\/post"}],"author":[{"embeddable":true,"href":"http:\/\/mspontocom.com.br\/site\/wp-json\/wp\/v2\/users\/2"}],"replies":[{"embeddable":true,"href":"http:\/\/mspontocom.com.br\/site\/wp-json\/wp\/v2\/comments?post=201785"}],"version-history":[{"count":1,"href":"http:\/\/mspontocom.com.br\/site\/wp-json\/wp\/v2\/posts\/201785\/revisions"}],"predecessor-version":[{"id":201787,"href":"http:\/\/mspontocom.com.br\/site\/wp-json\/wp\/v2\/posts\/201785\/revisions\/201787"}],"wp:featuredmedia":[{"embeddable":true,"href":"http:\/\/mspontocom.com.br\/site\/wp-json\/wp\/v2\/media\/201786"}],"wp:attachment":[{"href":"http:\/\/mspontocom.com.br\/site\/wp-json\/wp\/v2\/media?parent=201785"}],"wp:term":[{"taxonomy":"category","embeddable":true,"href":"http:\/\/mspontocom.com.br\/site\/wp-json\/wp\/v2\/categories?post=201785"},{"taxonomy":"post_tag","embeddable":true,"href":"http:\/\/mspontocom.com.br\/site\/wp-json\/wp\/v2\/tags?post=201785"}],"curies":[{"name":"wp","href":"https:\/\/api.w.org\/{rel}","templated":true}]}}