{"id":201910,"date":"2025-08-05T06:06:18","date_gmt":"2025-08-05T10:06:18","guid":{"rendered":"https:\/\/mspontocom.com.br\/site\/?p=201910"},"modified":"2025-08-05T06:06:18","modified_gmt":"2025-08-05T10:06:18","slug":"conselhereiro-de-trump-posta-imagem-com-moraes-algemado","status":"publish","type":"post","link":"http:\/\/mspontocom.com.br\/site\/conselhereiro-de-trump-posta-imagem-com-moraes-algemado\/","title":{"rendered":"Conselhereiro de Trump posta imagem com Moraes algemado"},"content":{"rendered":"<p style=\"text-align: justify;\"><img loading=\"lazy\" class=\"alignnone size-full wp-image-201921\" src=\"http:\/\/mspontocom.com.br\/site\/wp-content\/uploads\/2025\/08\/site-eua-postam-imagem-com-moraes-algemado-e-pede-sancoes-contra-o-brasil-ale-algemado.jpeg\" alt=\"\" width=\"1044\" height=\"587\" srcset=\"http:\/\/mspontocom.com.br\/site\/wp-content\/uploads\/2025\/08\/site-eua-postam-imagem-com-moraes-algemado-e-pede-sancoes-contra-o-brasil-ale-algemado.jpeg 1044w, http:\/\/mspontocom.com.br\/site\/wp-content\/uploads\/2025\/08\/site-eua-postam-imagem-com-moraes-algemado-e-pede-sancoes-contra-o-brasil-ale-algemado-260x146.jpeg 260w, http:\/\/mspontocom.com.br\/site\/wp-content\/uploads\/2025\/08\/site-eua-postam-imagem-com-moraes-algemado-e-pede-sancoes-contra-o-brasil-ale-algemado-1024x576.jpeg 1024w, http:\/\/mspontocom.com.br\/site\/wp-content\/uploads\/2025\/08\/site-eua-postam-imagem-com-moraes-algemado-e-pede-sancoes-contra-o-brasil-ale-algemado-768x432.jpeg 768w\" sizes=\"(max-width: 1044px) 100vw, 1044px\" \/>Jason Miller,\u00a0<strong>conselheiro-chefe de Donald Trump <\/strong>na campanha eleitoral de 2024, provocou pol\u00eamica nas redes sociais ao publicar uma imagem retratando o ministro\u00a0<strong>Alexandre de Moraes<\/strong>, do STF<strong>,<\/strong> de algemas.<\/p>\n<p style=\"text-align: justify;\">A imagem mostra um manifestante utilizando uma m\u00e1scara do magistrado com as m\u00e3os presas por algemas, simbolizando o apoio ao impeachment\u00a0do ministro.<\/p>\n<div class=\"google-auto-placed ap_container\" style=\"text-align: justify;\">\n<p>Durante o mesmo dia, Miller repostou diversas fotos e v\u00eddeos dos atos realizados no Brasil, refor\u00e7ando o apoio aos manifestantes e adicionando coment\u00e1rios.<\/p>\n<\/div>\n<blockquote><p><em>\u201cO povo no Brasil quer liberdade\u201d, destacou em uma das publica\u00e7\u00f5es.<\/em><\/p><\/blockquote>\n<h3 id=\"h-jason-miller-volta-a-atacar-moraes-e-compartilha-artigo-sobre-o-brasil\" class=\"wp-block-heading\" style=\"text-align: justify;\">Jason Miller volta a atacar Moraes e compartilha artigo sobre o Brasil<\/h3>\n<p style=\"text-align: justify;\">Na segunda-feira (4\/8), Miller compartilhou o link de um artigo publicado no jornal norte-americano\u00a0<strong>The Hill<\/strong>, assinado pelo jornalista Felipe Jafet.<\/p>\n<p style=\"text-align: justify;\">O texto, intitulado\u00a0<em>\u201cTrump is right about Brazil\u201d<\/em>\u00a0(\u201cTrump est\u00e1 certo sobre o Brasil\u201d), defende a ado\u00e7\u00e3o de\u00a0<strong>san\u00e7\u00f5es contra o Brasil e contra Moraes<\/strong>, argumentando que o ministro estaria agindo de forma autorit\u00e1ria.<\/p>\n<p style=\"text-align: justify;\">\n","protected":false},"excerpt":{"rendered":"<p>Jason Miller,\u00a0conselheiro-chefe de Donald Trump na campanha eleitoral de 2024, provocou pol\u00eamica nas redes sociais ao publicar uma imagem retratando o ministro\u00a0Alexandre de Moraes, do STF, de algemas. A imagem mostra um manifestante utilizando uma m\u00e1scara do magistrado com as m\u00e3os presas por algemas, simbolizando o apoio ao impeachment\u00a0do ministro. Durante o mesmo dia, Miller [&hellip;]<\/p>\n","protected":false},"author":2,"featured_media":201921,"comment_status":"open","ping_status":"open","sticky":false,"template":"","format":"standard","meta":{"_monsterinsights_skip_tracking":false,"_monsterinsights_sitenote_active":false,"_monsterinsights_sitenote_note":"","_monsterinsights_sitenote_category":0},"categories":[30260,2528,7,30259,12],"tags":[43370,25033,35247,43369,28326],"aioseo_notices":[],"_links":{"self":[{"href":"http:\/\/mspontocom.com.br\/site\/wp-json\/wp\/v2\/posts\/201910"}],"collection":[{"href":"http:\/\/mspontocom.com.br\/site\/wp-json\/wp\/v2\/posts"}],"about":[{"href":"http:\/\/mspontocom.com.br\/site\/wp-json\/wp\/v2\/types\/post"}],"author":[{"embeddable":true,"href":"http:\/\/mspontocom.com.br\/site\/wp-json\/wp\/v2\/users\/2"}],"replies":[{"embeddable":true,"href":"http:\/\/mspontocom.com.br\/site\/wp-json\/wp\/v2\/comments?post=201910"}],"version-history":[{"count":2,"href":"http:\/\/mspontocom.com.br\/site\/wp-json\/wp\/v2\/posts\/201910\/revisions"}],"predecessor-version":[{"id":201922,"href":"http:\/\/mspontocom.com.br\/site\/wp-json\/wp\/v2\/posts\/201910\/revisions\/201922"}],"wp:featuredmedia":[{"embeddable":true,"href":"http:\/\/mspontocom.com.br\/site\/wp-json\/wp\/v2\/media\/201921"}],"wp:attachment":[{"href":"http:\/\/mspontocom.com.br\/site\/wp-json\/wp\/v2\/media?parent=201910"}],"wp:term":[{"taxonomy":"category","embeddable":true,"href":"http:\/\/mspontocom.com.br\/site\/wp-json\/wp\/v2\/categories?post=201910"},{"taxonomy":"post_tag","embeddable":true,"href":"http:\/\/mspontocom.com.br\/site\/wp-json\/wp\/v2\/tags?post=201910"}],"curies":[{"name":"wp","href":"https:\/\/api.w.org\/{rel}","templated":true}]}}