{"id":201946,"date":"2025-08-06T05:38:34","date_gmt":"2025-08-06T09:38:34","guid":{"rendered":"https:\/\/mspontocom.com.br\/site\/?p=201946"},"modified":"2025-08-06T05:38:34","modified_gmt":"2025-08-06T09:38:34","slug":"nosso-zap-nossas-regras-governo-anuncia-whatsapp-estatal","status":"publish","type":"post","link":"http:\/\/mspontocom.com.br\/site\/nosso-zap-nossas-regras-governo-anuncia-whatsapp-estatal\/","title":{"rendered":"\u201cNosso Zap, nossas regras\u201d: governo anuncia WhatsApp estatal"},"content":{"rendered":"<p style=\"text-align: justify;\"><img loading=\"lazy\" class=\"alignnone size-full wp-image-201961\" src=\"http:\/\/mspontocom.com.br\/site\/wp-content\/uploads\/2025\/08\/site-nosso-zap-nossas-regras-governo-anuncia-plano-de-whatsapp-estatal-whatsapp.jpg\" alt=\"\" width=\"1044\" height=\"587\" srcset=\"http:\/\/mspontocom.com.br\/site\/wp-content\/uploads\/2025\/08\/site-nosso-zap-nossas-regras-governo-anuncia-plano-de-whatsapp-estatal-whatsapp.jpg 1044w, http:\/\/mspontocom.com.br\/site\/wp-content\/uploads\/2025\/08\/site-nosso-zap-nossas-regras-governo-anuncia-plano-de-whatsapp-estatal-whatsapp-260x146.jpg 260w, http:\/\/mspontocom.com.br\/site\/wp-content\/uploads\/2025\/08\/site-nosso-zap-nossas-regras-governo-anuncia-plano-de-whatsapp-estatal-whatsapp-1024x576.jpg 1024w, http:\/\/mspontocom.com.br\/site\/wp-content\/uploads\/2025\/08\/site-nosso-zap-nossas-regras-governo-anuncia-plano-de-whatsapp-estatal-whatsapp-768x432.jpg 768w\" sizes=\"(max-width: 1044px) 100vw, 1044px\" \/>A\u00a0<strong>Ag\u00eancia Brasileira de Intelig\u00eancia (Abin)<\/strong>\u00a0est\u00e1 desenvolvendo um\u00a0<strong>aplicativo de mensagens exclusivo para comunica\u00e7\u00e3o interna do governo federal<\/strong>, apelidado de\u00a0<strong>\u201cWhatsApp estatal\u201d<\/strong>.<\/p>\n<p style=\"text-align: justify;\">A iniciativa, que envolve o\u00a0<strong>Servi\u00e7o Federal de Processamento de Dados (Serpro)<\/strong>\u00a0e a\u00a0<strong>Universidade Federal do Cear\u00e1<\/strong>, visa oferecer uma alternativa segura ao uso de plataformas privadas por servidores e autoridades p\u00fablicas.<\/p>\n<div class=\"google-auto-placed ap_container\">\n<p style=\"text-align: justify;\">A proposta ganhou visibilidade em julho.<\/p>\n<p style=\"text-align: justify;\">Apesar do sigilo do encontro, a apresenta\u00e7\u00e3o oficial do projeto foi posteriormente divulgada no site da comiss\u00e3o.<\/p>\n<p style=\"text-align: justify;\">De acordo com o documento da Abin, o \u00a0aplicativo j\u00e1 possui uma vers\u00e3o piloto e encontra-se em\u00a0<strong>fase de testes<\/strong>.<\/p>\n<h2 id=\"h-estrutura-do-novo-aplicativo\" class=\"wp-block-heading\" style=\"text-align: justify;\">Estrutura do novo aplicativo<\/h2>\n<p style=\"text-align: justify;\">Segundo a Abin, a plataforma contar\u00e1 comcriptografia de Estado,\u00a0armazenamento em nuvem pr\u00f3pria\u00a0e\u00a0dupla camada de seguran\u00e7a, garantindo a confidencialidade das mensagens trocadas entre integrantes do governo, incluindo o\u00a0<strong>presidente da Rep\u00fablica<\/strong>,\u00a0<strong>ministros<\/strong>\u00a0e\u00a0<strong>servidores de alto escal\u00e3o<\/strong>.<\/p>\n<p style=\"text-align: justify;\">Embora o nome oficial ainda n\u00e3o tenha sido revelado, o aplicativo deve contar com funcionalidades similares ao\u00a0<strong>WhatsApp<\/strong>, como\u00a0chamadas de voz e v\u00eddeo,\u00a0cria\u00e7\u00e3o de grupos\u00a0e\u00a0listas de transmiss\u00e3o.<\/p>\n<p style=\"text-align: justify;\">O diferencial est\u00e1 na\u00a0<strong>infraestrutura nacional e independente<\/strong>, sem v\u00ednculo com\u00a0<strong>servi\u00e7os estrangeiros<\/strong>.<\/p>\n<h2 id=\"h-soberania-digital-e-critica-as-big-techs\" class=\"wp-block-heading\" style=\"text-align: justify;\">Soberania digital e cr\u00edtica \u00e0s big techs<\/h2>\n<p style=\"text-align: justify;\">A iniciativa surge em um momento de crescente debate sobre\u00a0<strong>soberania digital<\/strong>\u00a0e cr\u00edticas por parte do\u00a0<strong>Partido dos Trabalhadores (PT)<\/strong>\u00a0\u00e0s\u00a0<strong>big techs<\/strong>, como Meta (controladora do WhatsApp).<\/p>\n<p style=\"text-align: justify;\">Atualmente, o WhatsApp \u00e9 amplamente utilizado por integrantes do governo federal, mesmo para o envio de informa\u00e7\u00f5es sens\u00edveis.<\/p>\n<p style=\"text-align: justify;\">\n<\/div>\n","protected":false},"excerpt":{"rendered":"<p>A\u00a0Ag\u00eancia Brasileira de Intelig\u00eancia (Abin)\u00a0est\u00e1 desenvolvendo um\u00a0aplicativo de mensagens exclusivo para comunica\u00e7\u00e3o interna do governo federal, apelidado de\u00a0\u201cWhatsApp estatal\u201d. A iniciativa, que envolve o\u00a0Servi\u00e7o Federal de Processamento de Dados (Serpro)\u00a0e a\u00a0Universidade Federal do Cear\u00e1, visa oferecer uma alternativa segura ao uso de plataformas privadas por servidores e autoridades p\u00fablicas. A proposta ganhou visibilidade em julho. [&hellip;]<\/p>\n","protected":false},"author":2,"featured_media":201961,"comment_status":"open","ping_status":"open","sticky":false,"template":"","format":"standard","meta":{"_monsterinsights_skip_tracking":false,"_monsterinsights_sitenote_active":false,"_monsterinsights_sitenote_note":"","_monsterinsights_sitenote_category":0},"categories":[12,70],"tags":[78,43373],"aioseo_notices":[],"_links":{"self":[{"href":"http:\/\/mspontocom.com.br\/site\/wp-json\/wp\/v2\/posts\/201946"}],"collection":[{"href":"http:\/\/mspontocom.com.br\/site\/wp-json\/wp\/v2\/posts"}],"about":[{"href":"http:\/\/mspontocom.com.br\/site\/wp-json\/wp\/v2\/types\/post"}],"author":[{"embeddable":true,"href":"http:\/\/mspontocom.com.br\/site\/wp-json\/wp\/v2\/users\/2"}],"replies":[{"embeddable":true,"href":"http:\/\/mspontocom.com.br\/site\/wp-json\/wp\/v2\/comments?post=201946"}],"version-history":[{"count":2,"href":"http:\/\/mspontocom.com.br\/site\/wp-json\/wp\/v2\/posts\/201946\/revisions"}],"predecessor-version":[{"id":201962,"href":"http:\/\/mspontocom.com.br\/site\/wp-json\/wp\/v2\/posts\/201946\/revisions\/201962"}],"wp:featuredmedia":[{"embeddable":true,"href":"http:\/\/mspontocom.com.br\/site\/wp-json\/wp\/v2\/media\/201961"}],"wp:attachment":[{"href":"http:\/\/mspontocom.com.br\/site\/wp-json\/wp\/v2\/media?parent=201946"}],"wp:term":[{"taxonomy":"category","embeddable":true,"href":"http:\/\/mspontocom.com.br\/site\/wp-json\/wp\/v2\/categories?post=201946"},{"taxonomy":"post_tag","embeddable":true,"href":"http:\/\/mspontocom.com.br\/site\/wp-json\/wp\/v2\/tags?post=201946"}],"curies":[{"name":"wp","href":"https:\/\/api.w.org\/{rel}","templated":true}]}}